{"id":91,"date":"2025-12-05T00:00:00","date_gmt":"2025-12-04T23:00:00","guid":{"rendered":"http:\/\/stadt-adventskalender.de\/saechsischeschweiz\/?p=91"},"modified":"2025-11-06T09:11:19","modified_gmt":"2025-11-06T08:11:19","slug":"05-2","status":"publish","type":"post","link":"https:\/\/stadt-adventskalender.de\/saechsischeschweiz\/05-2\/","title":{"rendered":"05"},"content":{"rendered":"<h1>5<img loading=\"lazy\" decoding=\"async\" class=\"alignnone wp-image-38 size-full\" src=\"https:\/\/stadt-adventskalender.de\/saechsischeschweiz\/wp-content\/uploads\/sites\/13\/2019\/09\/05.png\" alt=\"\" width=\"300\" height=\"300\" srcset=\"https:\/\/stadt-adventskalender.de\/saechsischeschweiz\/wp-content\/uploads\/sites\/13\/2019\/09\/05.png 300w, https:\/\/stadt-adventskalender.de\/saechsischeschweiz\/wp-content\/uploads\/sites\/13\/2019\/09\/05-150x150.png 150w\" sizes=\"auto, (max-width: 300px) 100vw, 300px\" \/><\/h1>\n<h4>Hollywood mit Aussicht<\/h4>\n<p>Dank gekonnter Schnitttechnik f\u00fchrt im Oscar gekr\u00f6nten Film \u201eGrand Budapest Hotel\u201c ein freistehender Aufzug direkt in die Hotellobby. In Wirklichkeit landet man jedoch mit dem Aufzug auf der Ostrauer Scheibe und kann von dort &#8211; wie im Film &#8211; eine grandiose Aussicht genie\u00dfen.<br \/>\nFast w\u00e4re die Attraktion des Fahrstuhls noch spektakul\u00e4rer ausgefallen, denn der Hotelier Rudolph Sendig lie\u00df auf der Ostrauer Scheibe nicht nur seine \u201elieblichen Landh\u00e4user\u201c, die Fertigteilh\u00e4user der Osterwiecker Firma Witt, errichten, sondern plante auch einen Weltsportplatz samt Luftschiffhafen. Das Vorhaben scheiterte dann am Ersten Weltkrieg.<br \/>\nBesonders dekorativ ist das Jugendstilgel\u00e4nder des 50 Meter hohen elektrischen Aufzuges.<\/p>\n","protected":false},"excerpt":{"rendered":"<p>5 Hollywood mit Aussicht Dank gekonnter Schnitttechnik f\u00fchrt im Oscar gekr\u00f6nten Film \u201eGrand Budapest Hotel\u201c ein freistehender Aufzug direkt in die Hotellobby. In Wirklichkeit landet man jedoch mit dem Aufzug auf der Ostrauer Scheibe und kann von dort &#8211; wie im Film &#8211; eine grandiose Aussicht genie\u00dfen. Fast w\u00e4re die Attraktion des Fahrstuhls noch spektakul\u00e4rer &hellip; <a href=\"https:\/\/stadt-adventskalender.de\/saechsischeschweiz\/05-2\/\" class=\"more-link\"><span class=\"screen-reader-text\">05<\/span> weiterlesen<\/a><\/p>\n","protected":false},"author":1,"featured_media":0,"comment_status":"closed","ping_status":"open","sticky":false,"template":"","format":"standard","meta":{"footnotes":""},"categories":[3],"tags":[],"class_list":["post-91","post","type-post","status-publish","format-standard","hentry","category-alle-offenen-tuerchen"],"translation":{"provider":"WPGlobus","version":"3.0.0","language":"de","enabled_languages":["de","en"],"languages":{"de":{"title":true,"content":true,"excerpt":false},"en":{"title":true,"content":true,"excerpt":false}}},"publishpress_future_action":{"enabled":false,"date":"2026-05-09 00:13:36","action":"change-status","newStatus":"draft","terms":[],"taxonomy":"category","extraData":[]},"publishpress_future_workflow_manual_trigger":{"enabledWorkflows":[]},"_links":{"self":[{"href":"https:\/\/stadt-adventskalender.de\/saechsischeschweiz\/wp-json\/wp\/v2\/posts\/91","targetHints":{"allow":["GET"]}}],"collection":[{"href":"https:\/\/stadt-adventskalender.de\/saechsischeschweiz\/wp-json\/wp\/v2\/posts"}],"about":[{"href":"https:\/\/stadt-adventskalender.de\/saechsischeschweiz\/wp-json\/wp\/v2\/types\/post"}],"author":[{"embeddable":true,"href":"https:\/\/stadt-adventskalender.de\/saechsischeschweiz\/wp-json\/wp\/v2\/users\/1"}],"replies":[{"embeddable":true,"href":"https:\/\/stadt-adventskalender.de\/saechsischeschweiz\/wp-json\/wp\/v2\/comments?post=91"}],"version-history":[{"count":5,"href":"https:\/\/stadt-adventskalender.de\/saechsischeschweiz\/wp-json\/wp\/v2\/posts\/91\/revisions"}],"predecessor-version":[{"id":601,"href":"https:\/\/stadt-adventskalender.de\/saechsischeschweiz\/wp-json\/wp\/v2\/posts\/91\/revisions\/601"}],"wp:attachment":[{"href":"https:\/\/stadt-adventskalender.de\/saechsischeschweiz\/wp-json\/wp\/v2\/media?parent=91"}],"wp:term":[{"taxonomy":"category","embeddable":true,"href":"https:\/\/stadt-adventskalender.de\/saechsischeschweiz\/wp-json\/wp\/v2\/categories?post=91"},{"taxonomy":"post_tag","embeddable":true,"href":"https:\/\/stadt-adventskalender.de\/saechsischeschweiz\/wp-json\/wp\/v2\/tags?post=91"}],"curies":[{"name":"wp","href":"https:\/\/api.w.org\/{rel}","templated":true}]}}