{"id":77,"date":"2025-12-01T00:00:00","date_gmt":"2025-12-01T00:00:00","guid":{"rendered":"http:\/\/stadt-adventskalender.de\/saechsischeschweiz\/01-2\/"},"modified":"2025-11-06T09:05:26","modified_gmt":"2025-11-06T08:05:26","slug":"01-2","status":"publish","type":"post","link":"https:\/\/stadt-adventskalender.de\/saechsischeschweiz\/01-2\/","title":{"rendered":"01"},"content":{"rendered":"<h1>1<img loading=\"lazy\" decoding=\"async\" class=\"alignnone wp-image-34 size-full\" src=\"https:\/\/stadt-adventskalender.de\/saechsischeschweiz\/wp-content\/uploads\/sites\/13\/2019\/09\/01.png\" alt=\"\" width=\"300\" height=\"300\" srcset=\"https:\/\/stadt-adventskalender.de\/saechsischeschweiz\/wp-content\/uploads\/sites\/13\/2019\/09\/01.png 300w, https:\/\/stadt-adventskalender.de\/saechsischeschweiz\/wp-content\/uploads\/sites\/13\/2019\/09\/01-150x150.png 150w\" sizes=\"auto, (max-width: 300px) 100vw, 300px\" \/><\/h1>\n<h4>Halali<\/h4>\n<p>Dem Rothirsch oder Wildschwein begegnet man heute noch in den W\u00e4ldern der S\u00e4chsischen Schweiz. Wisent, Auerochse und Elch, wurden dagegen schon im Mittelalter ausgerottet.<br \/>\nBis heute deponieren die F\u00f6rster in den W\u00e4ldern Salz f\u00fcr das Rot- und Rehwild. Das lebenswichtige Mineral wird meist in Form von Salzsteinen auf einen Pfahl gesteckt. Aus der Zeit der kurf\u00fcrstlichen Jagden findet man noch historische Salzlecken, behauene Steine mit Vertiefungen f\u00fcr ein Salz-Lehmgemisch. Die historischen Steine tragen manchmal eingemei\u00dfelte Kurschwerter oder Jahreszahlen.<\/p>\n<p><em>\u00a0<\/em><\/p>\n","protected":false},"excerpt":{"rendered":"<p>1 Halali Dem Rothirsch oder Wildschwein begegnet man heute noch in den W\u00e4ldern der S\u00e4chsischen Schweiz. Wisent, Auerochse und Elch, wurden dagegen schon im Mittelalter ausgerottet. Bis heute deponieren die F\u00f6rster in den W\u00e4ldern Salz f\u00fcr das Rot- und Rehwild. Das lebenswichtige Mineral wird meist in Form von Salzsteinen auf einen Pfahl gesteckt. Aus der &hellip; <a href=\"https:\/\/stadt-adventskalender.de\/saechsischeschweiz\/01-2\/\" class=\"more-link\"><span class=\"screen-reader-text\">01<\/span> weiterlesen<\/a><\/p>\n","protected":false},"author":1,"featured_media":0,"comment_status":"closed","ping_status":"open","sticky":false,"template":"","format":"standard","meta":{"footnotes":""},"categories":[3],"tags":[],"class_list":["post-77","post","type-post","status-publish","format-standard","hentry","category-alle-offenen-tuerchen"],"translation":{"provider":"WPGlobus","version":"3.0.0","language":"de","enabled_languages":["de","en"],"languages":{"de":{"title":true,"content":true,"excerpt":false},"en":{"title":true,"content":true,"excerpt":false}}},"publishpress_future_action":{"enabled":false,"date":"2026-05-09 00:09:16","action":"change-status","newStatus":"draft","terms":[],"taxonomy":"category","extraData":[]},"publishpress_future_workflow_manual_trigger":{"enabledWorkflows":[]},"_links":{"self":[{"href":"https:\/\/stadt-adventskalender.de\/saechsischeschweiz\/wp-json\/wp\/v2\/posts\/77","targetHints":{"allow":["GET"]}}],"collection":[{"href":"https:\/\/stadt-adventskalender.de\/saechsischeschweiz\/wp-json\/wp\/v2\/posts"}],"about":[{"href":"https:\/\/stadt-adventskalender.de\/saechsischeschweiz\/wp-json\/wp\/v2\/types\/post"}],"author":[{"embeddable":true,"href":"https:\/\/stadt-adventskalender.de\/saechsischeschweiz\/wp-json\/wp\/v2\/users\/1"}],"replies":[{"embeddable":true,"href":"https:\/\/stadt-adventskalender.de\/saechsischeschweiz\/wp-json\/wp\/v2\/comments?post=77"}],"version-history":[{"count":5,"href":"https:\/\/stadt-adventskalender.de\/saechsischeschweiz\/wp-json\/wp\/v2\/posts\/77\/revisions"}],"predecessor-version":[{"id":182,"href":"https:\/\/stadt-adventskalender.de\/saechsischeschweiz\/wp-json\/wp\/v2\/posts\/77\/revisions\/182"}],"wp:attachment":[{"href":"https:\/\/stadt-adventskalender.de\/saechsischeschweiz\/wp-json\/wp\/v2\/media?parent=77"}],"wp:term":[{"taxonomy":"category","embeddable":true,"href":"https:\/\/stadt-adventskalender.de\/saechsischeschweiz\/wp-json\/wp\/v2\/categories?post=77"},{"taxonomy":"post_tag","embeddable":true,"href":"https:\/\/stadt-adventskalender.de\/saechsischeschweiz\/wp-json\/wp\/v2\/tags?post=77"}],"curies":[{"name":"wp","href":"https:\/\/api.w.org\/{rel}","templated":true}]}}