{"id":385,"date":"2025-12-23T00:00:00","date_gmt":"2025-12-22T23:00:00","guid":{"rendered":"http:\/\/stadt-adventskalender.de\/saechsischeschweiz\/?p=385"},"modified":"2025-12-01T00:14:44","modified_gmt":"2025-11-30T23:14:44","slug":"23-2","status":"publish","type":"post","link":"https:\/\/stadt-adventskalender.de\/saechsischeschweiz\/23-2\/","title":{"rendered":"23"},"content":{"rendered":"<h1>23<img loading=\"lazy\" decoding=\"async\" class=\"alignnone wp-image-56 size-full\" src=\"https:\/\/stadt-adventskalender.de\/saechsischeschweiz\/wp-content\/uploads\/sites\/13\/2019\/09\/23.png\" alt=\"\" width=\"300\" height=\"300\" srcset=\"https:\/\/stadt-adventskalender.de\/saechsischeschweiz\/wp-content\/uploads\/sites\/13\/2019\/09\/23.png 300w, https:\/\/stadt-adventskalender.de\/saechsischeschweiz\/wp-content\/uploads\/sites\/13\/2019\/09\/23-150x150.png 150w\" sizes=\"auto, (max-width: 300px) 100vw, 300px\" \/><\/h1>\n<h4><em>\u201eDer Maler soll nicht blo\u00df malen, was er vor sich sieht, sondern auch was er in sich sieht\u201c<\/em><\/h4>\n<p>Dieser Satz von Caspar David Friedrich ging in die Kunstgeschichte ein. Die K\u00fcnstler der Romantik finden beim Durchwandern der S\u00e4chsichen Schweiz tats\u00e4chlich ihre idealen Landschaften in der Wirklichkeit. In den bizarren Formen der Felsformationen liegen beide Aspekte eng beieinander. Voller Allegorien sind denn auch ihre Zeichnungen und Gem\u00e4lde: Ruinen f\u00fcr die R\u00fcckbesinnung auf das Altertum, der Flu\u00df als Strom des Lebens, Felsentore zum Durchqueren ins andere Dasein, Abgr\u00fcnde \u2026<br \/>\n1813 suchte Caspar David Friedrich aus Abscheu und Verzweiflung \u00fcber das Elend der Befreiungskriege monatelang Zuflucht in Krippen. Ganz in der N\u00e4he, gegen\u00fcber dem Zirkelstein, entstanden die ersten Skizzen f\u00fcr eines seiner bekanntesten Werke, den \u201eWanderer \u00fcber dem Nebelmeer\u201c.<\/p>\n<p>&nbsp;<\/p>\n","protected":false},"excerpt":{"rendered":"<p>23 \u201eDer Maler soll nicht blo\u00df malen, was er vor sich sieht, sondern auch was er in sich sieht\u201c Dieser Satz von Caspar David Friedrich ging in die Kunstgeschichte ein. Die K\u00fcnstler der Romantik finden beim Durchwandern der S\u00e4chsichen Schweiz tats\u00e4chlich ihre idealen Landschaften in der Wirklichkeit. In den bizarren Formen der Felsformationen liegen beide &hellip; <a href=\"https:\/\/stadt-adventskalender.de\/saechsischeschweiz\/23-2\/\" class=\"more-link\"><span class=\"screen-reader-text\">23<\/span> weiterlesen<\/a><\/p>\n","protected":false},"author":1,"featured_media":0,"comment_status":"closed","ping_status":"open","sticky":false,"template":"","format":"standard","meta":{"footnotes":""},"categories":[3],"tags":[],"class_list":["post-385","post","type-post","status-publish","format-standard","hentry","category-alle-offenen-tuerchen"],"translation":{"provider":"WPGlobus","version":"3.0.0","language":"de","enabled_languages":["de","en"],"languages":{"de":{"title":true,"content":true,"excerpt":false},"en":{"title":true,"content":true,"excerpt":false}}},"publishpress_future_action":{"enabled":false,"date":"2026-05-09 00:11:20","action":"change-status","newStatus":"draft","terms":[],"taxonomy":"category","extraData":[]},"publishpress_future_workflow_manual_trigger":{"enabledWorkflows":[]},"_links":{"self":[{"href":"https:\/\/stadt-adventskalender.de\/saechsischeschweiz\/wp-json\/wp\/v2\/posts\/385","targetHints":{"allow":["GET"]}}],"collection":[{"href":"https:\/\/stadt-adventskalender.de\/saechsischeschweiz\/wp-json\/wp\/v2\/posts"}],"about":[{"href":"https:\/\/stadt-adventskalender.de\/saechsischeschweiz\/wp-json\/wp\/v2\/types\/post"}],"author":[{"embeddable":true,"href":"https:\/\/stadt-adventskalender.de\/saechsischeschweiz\/wp-json\/wp\/v2\/users\/1"}],"replies":[{"embeddable":true,"href":"https:\/\/stadt-adventskalender.de\/saechsischeschweiz\/wp-json\/wp\/v2\/comments?post=385"}],"version-history":[{"count":6,"href":"https:\/\/stadt-adventskalender.de\/saechsischeschweiz\/wp-json\/wp\/v2\/posts\/385\/revisions"}],"predecessor-version":[{"id":548,"href":"https:\/\/stadt-adventskalender.de\/saechsischeschweiz\/wp-json\/wp\/v2\/posts\/385\/revisions\/548"}],"wp:attachment":[{"href":"https:\/\/stadt-adventskalender.de\/saechsischeschweiz\/wp-json\/wp\/v2\/media?parent=385"}],"wp:term":[{"taxonomy":"category","embeddable":true,"href":"https:\/\/stadt-adventskalender.de\/saechsischeschweiz\/wp-json\/wp\/v2\/categories?post=385"},{"taxonomy":"post_tag","embeddable":true,"href":"https:\/\/stadt-adventskalender.de\/saechsischeschweiz\/wp-json\/wp\/v2\/tags?post=385"}],"curies":[{"name":"wp","href":"https:\/\/api.w.org\/{rel}","templated":true}]}}