{"id":380,"date":"2025-12-22T00:00:00","date_gmt":"2025-12-21T23:00:00","guid":{"rendered":"http:\/\/stadt-adventskalender.de\/saechsischeschweiz\/?p=380"},"modified":"2025-11-17T22:23:57","modified_gmt":"2025-11-17T21:23:57","slug":"22-2","status":"publish","type":"post","link":"https:\/\/stadt-adventskalender.de\/saechsischeschweiz\/22-2\/","title":{"rendered":"22"},"content":{"rendered":"<h1>22<img loading=\"lazy\" decoding=\"async\" class=\"alignnone wp-image-55 size-full\" src=\"https:\/\/stadt-adventskalender.de\/saechsischeschweiz\/wp-content\/uploads\/sites\/13\/2019\/09\/22.png\" alt=\"\" width=\"300\" height=\"300\" srcset=\"https:\/\/stadt-adventskalender.de\/saechsischeschweiz\/wp-content\/uploads\/sites\/13\/2019\/09\/22.png 300w, https:\/\/stadt-adventskalender.de\/saechsischeschweiz\/wp-content\/uploads\/sites\/13\/2019\/09\/22-150x150.png 150w\" sizes=\"auto, (max-width: 300px) 100vw, 300px\" \/><\/h1>\n<h4>N\u00e4chtliches Rascheln<\/h4>\n<p>Auch wenn sich die kleinen Tierchen nachts \u00fcber Schokolade, K\u00e4se oder andere K\u00f6stlichkeiten der in den Boofen kampierenden Kletterer hermachen \u2013 die Wanderer und Bergsteiger haben die Bilche lieb gewonnen. Sie sind das Maskottchen des Nationalparkzentrums.<br \/>\nDie scheuen, nachtaktiven Nagetiere verschlafen das Winterhalbjahr und sind nur in der w\u00e4rmeren Jahreszeit aktiv, weshalb man sie auch Schlafm\u00e4use nennt, obwohl sie mit M\u00e4usen gar nichts zu tun haben. In den Sommermonaten fressen sie sich einen Winterspeck an und erhalten so eine recht kugelige K\u00f6rperform. Die Bilche stellen mit ihrer Verbreitung in der S\u00e4chsischen Schweiz eine zoologische Besonderheit dar. Hier ans\u00e4ssig sind die Bilchen-Arten Siebenschl\u00e4fer, Gartenschl\u00e4fer und Haselmaus. Insbesondere f\u00fcr den Gartenschl\u00e4fer, als typischen Fels- und H\u00f6hlenbewohner, ist der gesch\u00fctzte Fels- und Waldnationalpark der ideale Lebensraum.<\/p>\n","protected":false},"excerpt":{"rendered":"<p>22 N\u00e4chtliches Rascheln Auch wenn sich die kleinen Tierchen nachts \u00fcber Schokolade, K\u00e4se oder andere K\u00f6stlichkeiten der in den Boofen kampierenden Kletterer hermachen \u2013 die Wanderer und Bergsteiger haben die Bilche lieb gewonnen. Sie sind das Maskottchen des Nationalparkzentrums. Die scheuen, nachtaktiven Nagetiere verschlafen das Winterhalbjahr und sind nur in der w\u00e4rmeren Jahreszeit aktiv, weshalb &hellip; <a href=\"https:\/\/stadt-adventskalender.de\/saechsischeschweiz\/22-2\/\" class=\"more-link\"><span class=\"screen-reader-text\">22<\/span> weiterlesen<\/a><\/p>\n","protected":false},"author":1,"featured_media":0,"comment_status":"closed","ping_status":"open","sticky":false,"template":"","format":"standard","meta":{"footnotes":""},"categories":[3],"tags":[],"class_list":["post-380","post","type-post","status-publish","format-standard","hentry","category-alle-offenen-tuerchen"],"translation":{"provider":"WPGlobus","version":"3.0.0","language":"de","enabled_languages":["de","en"],"languages":{"de":{"title":true,"content":true,"excerpt":false},"en":{"title":true,"content":true,"excerpt":false}}},"publishpress_future_action":{"enabled":false,"date":"2026-05-09 00:13:40","action":"change-status","newStatus":"draft","terms":[],"taxonomy":"category","extraData":[]},"publishpress_future_workflow_manual_trigger":{"enabledWorkflows":[]},"_links":{"self":[{"href":"https:\/\/stadt-adventskalender.de\/saechsischeschweiz\/wp-json\/wp\/v2\/posts\/380","targetHints":{"allow":["GET"]}}],"collection":[{"href":"https:\/\/stadt-adventskalender.de\/saechsischeschweiz\/wp-json\/wp\/v2\/posts"}],"about":[{"href":"https:\/\/stadt-adventskalender.de\/saechsischeschweiz\/wp-json\/wp\/v2\/types\/post"}],"author":[{"embeddable":true,"href":"https:\/\/stadt-adventskalender.de\/saechsischeschweiz\/wp-json\/wp\/v2\/users\/1"}],"replies":[{"embeddable":true,"href":"https:\/\/stadt-adventskalender.de\/saechsischeschweiz\/wp-json\/wp\/v2\/comments?post=380"}],"version-history":[{"count":4,"href":"https:\/\/stadt-adventskalender.de\/saechsischeschweiz\/wp-json\/wp\/v2\/posts\/380\/revisions"}],"predecessor-version":[{"id":575,"href":"https:\/\/stadt-adventskalender.de\/saechsischeschweiz\/wp-json\/wp\/v2\/posts\/380\/revisions\/575"}],"wp:attachment":[{"href":"https:\/\/stadt-adventskalender.de\/saechsischeschweiz\/wp-json\/wp\/v2\/media?parent=380"}],"wp:term":[{"taxonomy":"category","embeddable":true,"href":"https:\/\/stadt-adventskalender.de\/saechsischeschweiz\/wp-json\/wp\/v2\/categories?post=380"},{"taxonomy":"post_tag","embeddable":true,"href":"https:\/\/stadt-adventskalender.de\/saechsischeschweiz\/wp-json\/wp\/v2\/tags?post=380"}],"curies":[{"name":"wp","href":"https:\/\/api.w.org\/{rel}","templated":true}]}}