{"id":354,"date":"2025-12-21T00:00:00","date_gmt":"2025-12-20T23:00:00","guid":{"rendered":"http:\/\/stadt-adventskalender.de\/saechsischeschweiz\/?p=354"},"modified":"2025-11-06T09:07:07","modified_gmt":"2025-11-06T08:07:07","slug":"21-2","status":"publish","type":"post","link":"https:\/\/stadt-adventskalender.de\/saechsischeschweiz\/21-2\/","title":{"rendered":"21"},"content":{"rendered":"<h1>21<img loading=\"lazy\" decoding=\"async\" class=\"alignnone wp-image-54 size-full\" src=\"https:\/\/stadt-adventskalender.de\/saechsischeschweiz\/wp-content\/uploads\/sites\/13\/2019\/09\/21.png\" alt=\"\" width=\"300\" height=\"300\" srcset=\"https:\/\/stadt-adventskalender.de\/saechsischeschweiz\/wp-content\/uploads\/sites\/13\/2019\/09\/21.png 300w, https:\/\/stadt-adventskalender.de\/saechsischeschweiz\/wp-content\/uploads\/sites\/13\/2019\/09\/21-150x150.png 150w\" sizes=\"auto, (max-width: 300px) 100vw, 300px\" \/><\/h1>\n<h4>Singender Held<\/h4>\n<p>Jedes Jahr singt der \u201eBergsteigerchor Kurt Schlosser\u201c auf dem Festplatz in Kleinhennersdorf zur Wintersonnenwende. Ja, es gibt ihn noch, den bereits 1927 gegr\u00fcndeten Chor, der seit 1949 diesen Namen tr\u00e4gt. Neben seiner Arbeit als Tischler, war Kurt Schlosser Leiter der <em>\u201eGesangsabteilung der Vereinigten Kletterabteilung\u201c<\/em>, aus der sich sp\u00e4ter der \u201eS\u00e4chsische Bergsteigerchor\u201c formierte. W\u00e4hrend der Nazizeit im illegalen Widerstand, schlo\u00df er sich zur Ablenkung der braunen H\u00e4scher 1937 dem \u201eDeutsch-\u00d6sterreichischen Alpenverein\u201c an und baute oberhalb des Zahnsgrundes in der S\u00e4chsischen Schweiz eine Bergh\u00fctte, die bis 1995 seinen Namen trug. 1944 wurde er wegen Hochverrats zum Tode verurteilt und in Dresden hingerichtet. Ein Stolperstein erinnert vor seiner Tischlerwerkstatt in der Leipziger Stra\u00dfe 72 an den mutigen S\u00e4nger.<\/p>\n","protected":false},"excerpt":{"rendered":"<p>21 Singender Held Jedes Jahr singt der \u201eBergsteigerchor Kurt Schlosser\u201c auf dem Festplatz in Kleinhennersdorf zur Wintersonnenwende. Ja, es gibt ihn noch, den bereits 1927 gegr\u00fcndeten Chor, der seit 1949 diesen Namen tr\u00e4gt. Neben seiner Arbeit als Tischler, war Kurt Schlosser Leiter der \u201eGesangsabteilung der Vereinigten Kletterabteilung\u201c, aus der sich sp\u00e4ter der \u201eS\u00e4chsische Bergsteigerchor\u201c formierte. &hellip; <a href=\"https:\/\/stadt-adventskalender.de\/saechsischeschweiz\/21-2\/\" class=\"more-link\"><span class=\"screen-reader-text\">21<\/span> weiterlesen<\/a><\/p>\n","protected":false},"author":1,"featured_media":0,"comment_status":"closed","ping_status":"open","sticky":false,"template":"","format":"standard","meta":{"footnotes":""},"categories":[3],"tags":[],"class_list":["post-354","post","type-post","status-publish","format-standard","hentry","category-alle-offenen-tuerchen"],"translation":{"provider":"WPGlobus","version":"3.0.0","language":"de","enabled_languages":["de","en"],"languages":{"de":{"title":true,"content":true,"excerpt":false},"en":{"title":true,"content":true,"excerpt":false}}},"publishpress_future_action":{"enabled":false,"date":"2026-05-09 00:09:23","action":"change-status","newStatus":"draft","terms":[],"taxonomy":"category","extraData":[]},"publishpress_future_workflow_manual_trigger":{"enabledWorkflows":[]},"_links":{"self":[{"href":"https:\/\/stadt-adventskalender.de\/saechsischeschweiz\/wp-json\/wp\/v2\/posts\/354","targetHints":{"allow":["GET"]}}],"collection":[{"href":"https:\/\/stadt-adventskalender.de\/saechsischeschweiz\/wp-json\/wp\/v2\/posts"}],"about":[{"href":"https:\/\/stadt-adventskalender.de\/saechsischeschweiz\/wp-json\/wp\/v2\/types\/post"}],"author":[{"embeddable":true,"href":"https:\/\/stadt-adventskalender.de\/saechsischeschweiz\/wp-json\/wp\/v2\/users\/1"}],"replies":[{"embeddable":true,"href":"https:\/\/stadt-adventskalender.de\/saechsischeschweiz\/wp-json\/wp\/v2\/comments?post=354"}],"version-history":[{"count":6,"href":"https:\/\/stadt-adventskalender.de\/saechsischeschweiz\/wp-json\/wp\/v2\/posts\/354\/revisions"}],"predecessor-version":[{"id":524,"href":"https:\/\/stadt-adventskalender.de\/saechsischeschweiz\/wp-json\/wp\/v2\/posts\/354\/revisions\/524"}],"wp:attachment":[{"href":"https:\/\/stadt-adventskalender.de\/saechsischeschweiz\/wp-json\/wp\/v2\/media?parent=354"}],"wp:term":[{"taxonomy":"category","embeddable":true,"href":"https:\/\/stadt-adventskalender.de\/saechsischeschweiz\/wp-json\/wp\/v2\/categories?post=354"},{"taxonomy":"post_tag","embeddable":true,"href":"https:\/\/stadt-adventskalender.de\/saechsischeschweiz\/wp-json\/wp\/v2\/tags?post=354"}],"curies":[{"name":"wp","href":"https:\/\/api.w.org\/{rel}","templated":true}]}}