{"id":338,"date":"2025-12-18T00:00:00","date_gmt":"2025-12-17T23:00:00","guid":{"rendered":"http:\/\/stadt-adventskalender.de\/saechsischeschweiz\/?p=338"},"modified":"2025-11-06T09:07:49","modified_gmt":"2025-11-06T08:07:49","slug":"18-2","status":"publish","type":"post","link":"https:\/\/stadt-adventskalender.de\/saechsischeschweiz\/18-2\/","title":{"rendered":"18"},"content":{"rendered":"<h1>18<img loading=\"lazy\" decoding=\"async\" class=\"alignnone wp-image-51 size-full\" src=\"https:\/\/stadt-adventskalender.de\/saechsischeschweiz\/wp-content\/uploads\/sites\/13\/2019\/09\/18.png\" alt=\"\" width=\"300\" height=\"300\" srcset=\"https:\/\/stadt-adventskalender.de\/saechsischeschweiz\/wp-content\/uploads\/sites\/13\/2019\/09\/18.png 300w, https:\/\/stadt-adventskalender.de\/saechsischeschweiz\/wp-content\/uploads\/sites\/13\/2019\/09\/18-150x150.png 150w\" sizes=\"auto, (max-width: 300px) 100vw, 300px\" \/><\/h1>\n<h4>Hokuspokus<\/h4>\n<p>Vom Elbtal aus kann man an der Au\u00dfenmauer der Festung K\u00f6nigstein das kleine gelbe Lustschl\u00f6sschen Augusts des Starken sehen. Als Attraktion befindet sich im Inneren des Friedrichsburg genannten Pavillions\u00a0 \u2013 ganz im Geiste des Barock \u2013 ein Maschinentisch, den sich August bauen lie\u00df. Auf h\u00f6chstpers\u00f6nliche Anweisung des K\u00f6nigs versank der Tisch leer gegessen im Fu\u00dfboden und stieg danach vor aller Augen reich gedeckt aus dem Erdgeschoss wieder herauf. In der darunter liegenden K\u00fcche wurde der Tisch gedeckt und durch ein Hebewerk in den oberen Festraum bef\u00f6rdert. 24 Personen hatten an der Tafel Platz.<\/p>\n","protected":false},"excerpt":{"rendered":"<p>18 Hokuspokus Vom Elbtal aus kann man an der Au\u00dfenmauer der Festung K\u00f6nigstein das kleine gelbe Lustschl\u00f6sschen Augusts des Starken sehen. Als Attraktion befindet sich im Inneren des Friedrichsburg genannten Pavillions\u00a0 \u2013 ganz im Geiste des Barock \u2013 ein Maschinentisch, den sich August bauen lie\u00df. Auf h\u00f6chstpers\u00f6nliche Anweisung des K\u00f6nigs versank der Tisch leer gegessen &hellip; <a href=\"https:\/\/stadt-adventskalender.de\/saechsischeschweiz\/18-2\/\" class=\"more-link\"><span class=\"screen-reader-text\">18<\/span> weiterlesen<\/a><\/p>\n","protected":false},"author":1,"featured_media":0,"comment_status":"closed","ping_status":"open","sticky":false,"template":"","format":"standard","meta":{"footnotes":""},"categories":[3],"tags":[],"class_list":["post-338","post","type-post","status-publish","format-standard","hentry","category-alle-offenen-tuerchen"],"translation":{"provider":"WPGlobus","version":"3.0.0","language":"de","enabled_languages":["de","en"],"languages":{"de":{"title":true,"content":true,"excerpt":false},"en":{"title":true,"content":true,"excerpt":false}}},"publishpress_future_action":{"enabled":false,"date":"2026-05-09 00:16:31","action":"change-status","newStatus":"draft","terms":[],"taxonomy":"category","extraData":[]},"publishpress_future_workflow_manual_trigger":{"enabledWorkflows":[]},"_links":{"self":[{"href":"https:\/\/stadt-adventskalender.de\/saechsischeschweiz\/wp-json\/wp\/v2\/posts\/338","targetHints":{"allow":["GET"]}}],"collection":[{"href":"https:\/\/stadt-adventskalender.de\/saechsischeschweiz\/wp-json\/wp\/v2\/posts"}],"about":[{"href":"https:\/\/stadt-adventskalender.de\/saechsischeschweiz\/wp-json\/wp\/v2\/types\/post"}],"author":[{"embeddable":true,"href":"https:\/\/stadt-adventskalender.de\/saechsischeschweiz\/wp-json\/wp\/v2\/users\/1"}],"replies":[{"embeddable":true,"href":"https:\/\/stadt-adventskalender.de\/saechsischeschweiz\/wp-json\/wp\/v2\/comments?post=338"}],"version-history":[{"count":5,"href":"https:\/\/stadt-adventskalender.de\/saechsischeschweiz\/wp-json\/wp\/v2\/posts\/338\/revisions"}],"predecessor-version":[{"id":617,"href":"https:\/\/stadt-adventskalender.de\/saechsischeschweiz\/wp-json\/wp\/v2\/posts\/338\/revisions\/617"}],"wp:attachment":[{"href":"https:\/\/stadt-adventskalender.de\/saechsischeschweiz\/wp-json\/wp\/v2\/media?parent=338"}],"wp:term":[{"taxonomy":"category","embeddable":true,"href":"https:\/\/stadt-adventskalender.de\/saechsischeschweiz\/wp-json\/wp\/v2\/categories?post=338"},{"taxonomy":"post_tag","embeddable":true,"href":"https:\/\/stadt-adventskalender.de\/saechsischeschweiz\/wp-json\/wp\/v2\/tags?post=338"}],"curies":[{"name":"wp","href":"https:\/\/api.w.org\/{rel}","templated":true}]}}