{"id":318,"date":"2025-12-15T00:00:00","date_gmt":"2025-12-14T23:00:00","guid":{"rendered":"http:\/\/stadt-adventskalender.de\/saechsischeschweiz\/?p=318"},"modified":"2025-11-06T09:08:59","modified_gmt":"2025-11-06T08:08:59","slug":"15-2","status":"publish","type":"post","link":"https:\/\/stadt-adventskalender.de\/saechsischeschweiz\/15-2\/","title":{"rendered":"15"},"content":{"rendered":"<h1>15<img loading=\"lazy\" decoding=\"async\" class=\"alignnone wp-image-48 size-full\" src=\"https:\/\/stadt-adventskalender.de\/saechsischeschweiz\/wp-content\/uploads\/sites\/13\/2019\/09\/15.png\" alt=\"\" width=\"300\" height=\"300\" srcset=\"https:\/\/stadt-adventskalender.de\/saechsischeschweiz\/wp-content\/uploads\/sites\/13\/2019\/09\/15.png 300w, https:\/\/stadt-adventskalender.de\/saechsischeschweiz\/wp-content\/uploads\/sites\/13\/2019\/09\/15-150x150.png 150w\" sizes=\"auto, (max-width: 300px) 100vw, 300px\" \/><\/h1>\n<h4>Kurioser Vermessungsfehler<\/h4>\n<p>Die deutsche Z\u00e4hlung der Stromkilometer der Elbe beginnt offiziell an der s\u00e4chsisch-b\u00f6hmischen Grenze an der Gelobtbachm\u00fchle bei Sch\u00f6na am linken Elbufer. Der deutsche Elbkilometer 0 ist dabei gleichzeitig der tschechische Kilometer 105,81. Tschechische und deutsche Kilometrierung \u00fcberschneiden sich in dem 3,43 km langen Bereich, auf dem die Grenze in der Flussmitte verl\u00e4uft. Die tschechische Seite l\u00e4uft auf dem rechten Elbufer bis zum Grenz\u00fcbergang Schmilka\/H\u0159ensko.<br \/>\nNach 121 deutschen Kilometern kam es im Jahre 1880 zu einem kuriosen Vermessungsfehler: die K\u00f6nigreiche Preu\u00dfen und Sachsen hatten die Elbvermessung jedes f\u00fcr sich durchgef\u00fchrt \u2013 wohl deshalb war an der damaligen Reichsgrenze pl\u00f6tzlich ein Kilometer zu viel vorhanden. Man behalf sich, in dem man dem Kilometer 121 den Kilometer 121A folgen lie\u00df. Den gibt es bis heute.<\/p>\n","protected":false},"excerpt":{"rendered":"<p>15 Kurioser Vermessungsfehler Die deutsche Z\u00e4hlung der Stromkilometer der Elbe beginnt offiziell an der s\u00e4chsisch-b\u00f6hmischen Grenze an der Gelobtbachm\u00fchle bei Sch\u00f6na am linken Elbufer. Der deutsche Elbkilometer 0 ist dabei gleichzeitig der tschechische Kilometer 105,81. Tschechische und deutsche Kilometrierung \u00fcberschneiden sich in dem 3,43 km langen Bereich, auf dem die Grenze in der Flussmitte verl\u00e4uft. &hellip; <a href=\"https:\/\/stadt-adventskalender.de\/saechsischeschweiz\/15-2\/\" class=\"more-link\"><span class=\"screen-reader-text\">15<\/span> weiterlesen<\/a><\/p>\n","protected":false},"author":1,"featured_media":0,"comment_status":"closed","ping_status":"open","sticky":false,"template":"","format":"standard","meta":{"footnotes":""},"categories":[3],"tags":[],"class_list":["post-318","post","type-post","status-publish","format-standard","hentry","category-alle-offenen-tuerchen"],"translation":{"provider":"WPGlobus","version":"3.0.0","language":"de","enabled_languages":["de","en"],"languages":{"de":{"title":true,"content":true,"excerpt":false},"en":{"title":true,"content":true,"excerpt":false}}},"publishpress_future_action":{"enabled":false,"date":"2026-05-09 00:20:58","action":"change-status","newStatus":"draft","terms":[],"taxonomy":"category","extraData":[]},"publishpress_future_workflow_manual_trigger":{"enabledWorkflows":[]},"_links":{"self":[{"href":"https:\/\/stadt-adventskalender.de\/saechsischeschweiz\/wp-json\/wp\/v2\/posts\/318","targetHints":{"allow":["GET"]}}],"collection":[{"href":"https:\/\/stadt-adventskalender.de\/saechsischeschweiz\/wp-json\/wp\/v2\/posts"}],"about":[{"href":"https:\/\/stadt-adventskalender.de\/saechsischeschweiz\/wp-json\/wp\/v2\/types\/post"}],"author":[{"embeddable":true,"href":"https:\/\/stadt-adventskalender.de\/saechsischeschweiz\/wp-json\/wp\/v2\/users\/1"}],"replies":[{"embeddable":true,"href":"https:\/\/stadt-adventskalender.de\/saechsischeschweiz\/wp-json\/wp\/v2\/comments?post=318"}],"version-history":[{"count":3,"href":"https:\/\/stadt-adventskalender.de\/saechsischeschweiz\/wp-json\/wp\/v2\/posts\/318\/revisions"}],"predecessor-version":[{"id":566,"href":"https:\/\/stadt-adventskalender.de\/saechsischeschweiz\/wp-json\/wp\/v2\/posts\/318\/revisions\/566"}],"wp:attachment":[{"href":"https:\/\/stadt-adventskalender.de\/saechsischeschweiz\/wp-json\/wp\/v2\/media?parent=318"}],"wp:term":[{"taxonomy":"category","embeddable":true,"href":"https:\/\/stadt-adventskalender.de\/saechsischeschweiz\/wp-json\/wp\/v2\/categories?post=318"},{"taxonomy":"post_tag","embeddable":true,"href":"https:\/\/stadt-adventskalender.de\/saechsischeschweiz\/wp-json\/wp\/v2\/tags?post=318"}],"curies":[{"name":"wp","href":"https:\/\/api.w.org\/{rel}","templated":true}]}}