{"id":310,"date":"2025-12-16T00:00:00","date_gmt":"2025-12-15T23:00:00","guid":{"rendered":"http:\/\/stadt-adventskalender.de\/saechsischeschweiz\/?p=310"},"modified":"2025-11-06T09:08:22","modified_gmt":"2025-11-06T08:08:22","slug":"16-2","status":"publish","type":"post","link":"https:\/\/stadt-adventskalender.de\/saechsischeschweiz\/16-2\/","title":{"rendered":"16"},"content":{"rendered":"<h1>16<img loading=\"lazy\" decoding=\"async\" class=\"alignnone wp-image-49 size-full\" src=\"https:\/\/stadt-adventskalender.de\/saechsischeschweiz\/wp-content\/uploads\/sites\/13\/2019\/09\/16.png\" alt=\"\" width=\"300\" height=\"300\" srcset=\"https:\/\/stadt-adventskalender.de\/saechsischeschweiz\/wp-content\/uploads\/sites\/13\/2019\/09\/16.png 300w, https:\/\/stadt-adventskalender.de\/saechsischeschweiz\/wp-content\/uploads\/sites\/13\/2019\/09\/16-150x150.png 150w\" sizes=\"auto, (max-width: 300px) 100vw, 300px\" \/><\/h1>\n<h4>Der kleinste Kletterfelsen der Welt<\/h4>\n<p>Sehr ernst gemeint war die Erstbesteigung des 50 Tonnen schweren Sandsteinbrockens nicht, der 2014 auf die Kirnitzschtalstra\u00dfe st\u00fcrzte. Einen Tag lang erweiterte der Fels die Berglandschaft des Gebirges um einen weitere Attraktion, dann wurde er mit schwerem Ger\u00e4t zertr\u00fcmmert.<br \/>\nWegen seines kurzen Lebens erhielt er den Namen \u201eEintagsfliege\u201c. Den 3,70 Meter hohen Felsen bezwangen die Kletterer des Klettervereins Buschm\u00fchle in der Nacht auf der schwierigsten Route, die sie \u201eH0-Pico-Kante\u201c tauften und kr\u00f6nten den Felsen mit einem Gipfelbuch, in das sich jeder Gipfelst\u00fcrmer eintrug. Dr. -Ing. Rolf B\u00f6hm, Zeichner der besten Karten der S\u00e4chsischen Schweiz, verewigte noch in derselben Nacht die Kletterwege auf einer Karte.<\/p>\n","protected":false},"excerpt":{"rendered":"<p>16 Der kleinste Kletterfelsen der Welt Sehr ernst gemeint war die Erstbesteigung des 50 Tonnen schweren Sandsteinbrockens nicht, der 2014 auf die Kirnitzschtalstra\u00dfe st\u00fcrzte. Einen Tag lang erweiterte der Fels die Berglandschaft des Gebirges um einen weitere Attraktion, dann wurde er mit schwerem Ger\u00e4t zertr\u00fcmmert. Wegen seines kurzen Lebens erhielt er den Namen \u201eEintagsfliege\u201c. Den &hellip; <a href=\"https:\/\/stadt-adventskalender.de\/saechsischeschweiz\/16-2\/\" class=\"more-link\"><span class=\"screen-reader-text\">16<\/span> weiterlesen<\/a><\/p>\n","protected":false},"author":1,"featured_media":0,"comment_status":"closed","ping_status":"open","sticky":false,"template":"","format":"standard","meta":{"footnotes":""},"categories":[3],"tags":[],"class_list":["post-310","post","type-post","status-publish","format-standard","hentry","category-alle-offenen-tuerchen"],"translation":{"provider":"WPGlobus","version":"3.0.0","language":"de","enabled_languages":["de","en"],"languages":{"de":{"title":true,"content":true,"excerpt":false},"en":{"title":true,"content":true,"excerpt":false}}},"publishpress_future_action":{"enabled":false,"date":"2026-05-09 00:11:20","action":"change-status","newStatus":"draft","terms":[],"taxonomy":"category","extraData":[]},"publishpress_future_workflow_manual_trigger":{"enabledWorkflows":[]},"_links":{"self":[{"href":"https:\/\/stadt-adventskalender.de\/saechsischeschweiz\/wp-json\/wp\/v2\/posts\/310","targetHints":{"allow":["GET"]}}],"collection":[{"href":"https:\/\/stadt-adventskalender.de\/saechsischeschweiz\/wp-json\/wp\/v2\/posts"}],"about":[{"href":"https:\/\/stadt-adventskalender.de\/saechsischeschweiz\/wp-json\/wp\/v2\/types\/post"}],"author":[{"embeddable":true,"href":"https:\/\/stadt-adventskalender.de\/saechsischeschweiz\/wp-json\/wp\/v2\/users\/1"}],"replies":[{"embeddable":true,"href":"https:\/\/stadt-adventskalender.de\/saechsischeschweiz\/wp-json\/wp\/v2\/comments?post=310"}],"version-history":[{"count":5,"href":"https:\/\/stadt-adventskalender.de\/saechsischeschweiz\/wp-json\/wp\/v2\/posts\/310\/revisions"}],"predecessor-version":[{"id":568,"href":"https:\/\/stadt-adventskalender.de\/saechsischeschweiz\/wp-json\/wp\/v2\/posts\/310\/revisions\/568"}],"wp:attachment":[{"href":"https:\/\/stadt-adventskalender.de\/saechsischeschweiz\/wp-json\/wp\/v2\/media?parent=310"}],"wp:term":[{"taxonomy":"category","embeddable":true,"href":"https:\/\/stadt-adventskalender.de\/saechsischeschweiz\/wp-json\/wp\/v2\/categories?post=310"},{"taxonomy":"post_tag","embeddable":true,"href":"https:\/\/stadt-adventskalender.de\/saechsischeschweiz\/wp-json\/wp\/v2\/tags?post=310"}],"curies":[{"name":"wp","href":"https:\/\/api.w.org\/{rel}","templated":true}]}}