{"id":294,"date":"2025-12-14T00:00:00","date_gmt":"2025-12-13T23:00:00","guid":{"rendered":"http:\/\/stadt-adventskalender.de\/saechsischeschweiz\/?p=294"},"modified":"2025-11-06T09:09:12","modified_gmt":"2025-11-06T08:09:12","slug":"14-2","status":"publish","type":"post","link":"https:\/\/stadt-adventskalender.de\/saechsischeschweiz\/14-2\/","title":{"rendered":"14"},"content":{"rendered":"<h1>14<img loading=\"lazy\" decoding=\"async\" class=\"alignnone wp-image-47 size-full\" src=\"https:\/\/stadt-adventskalender.de\/saechsischeschweiz\/wp-content\/uploads\/sites\/13\/2019\/09\/14.png\" alt=\"\" width=\"300\" height=\"300\" srcset=\"https:\/\/stadt-adventskalender.de\/saechsischeschweiz\/wp-content\/uploads\/sites\/13\/2019\/09\/14.png 300w, https:\/\/stadt-adventskalender.de\/saechsischeschweiz\/wp-content\/uploads\/sites\/13\/2019\/09\/14-150x150.png 150w\" sizes=\"auto, (max-width: 300px) 100vw, 300px\" \/><\/h1>\n<h4>Franz\u00f6sischer Besuch<\/h4>\n<p>Kaum einen Ort in Deutschland hat Goethe nicht besucht. Die S\u00e4chsische Schweiz jedoch scheint der Dichter verschm\u00e4ht zu haben. Daf\u00fcr hat ein anderer im Gebirge Spuren hinterlassen auf die man heute noch trifft.<br \/>\nIm Sommer 1813 geriet das Gebiet zwischen Lilien- und Hohnstein in den Blickpunkt der Weltgeschichte. Die Napoleonstra\u00dfe \u2013 oder Kaiserstra\u00dfe \u2013 wurde durch Napoleon als strategisch wichtige Verbindung ausgebaut bzw. teilweise neu angelegt. Die Pappelallee unter dem Lilienstein f\u00fchrt von Hohnstein \u00fcber den Ziegenr\u00fccken, durch Waltersdorf nach Ebenheit, hinab zur Elbquerung von Halbestadt nach K\u00f6nigstein. Vom Lilienstein und vom K\u00f6nigstein ist insbesondere der markante Alleeabschnitt der Stra\u00dfe gut erkennbar.<br \/>\nNach der Niederlage Napoleons in der Schlacht bei Kulm, nahe Teplice in der B\u00f6hmischen Schweiz, verlagerten sich die milit\u00e4rischen Aktivit\u00e4ten bald in den Leipziger Raum und gipfelten schlie\u00dflich in der V\u00f6lkerschlacht; den Anfang von Napoleons Ende.<\/p>\n","protected":false},"excerpt":{"rendered":"<p>14 Franz\u00f6sischer Besuch Kaum einen Ort in Deutschland hat Goethe nicht besucht. Die S\u00e4chsische Schweiz jedoch scheint der Dichter verschm\u00e4ht zu haben. Daf\u00fcr hat ein anderer im Gebirge Spuren hinterlassen auf die man heute noch trifft. Im Sommer 1813 geriet das Gebiet zwischen Lilien- und Hohnstein in den Blickpunkt der Weltgeschichte. Die Napoleonstra\u00dfe \u2013 oder &hellip; <a href=\"https:\/\/stadt-adventskalender.de\/saechsischeschweiz\/14-2\/\" class=\"more-link\"><span class=\"screen-reader-text\">14<\/span> weiterlesen<\/a><\/p>\n","protected":false},"author":1,"featured_media":0,"comment_status":"closed","ping_status":"open","sticky":false,"template":"","format":"standard","meta":{"footnotes":""},"categories":[3],"tags":[],"class_list":["post-294","post","type-post","status-publish","format-standard","hentry","category-alle-offenen-tuerchen"],"translation":{"provider":"WPGlobus","version":"3.0.0","language":"de","enabled_languages":["de","en"],"languages":{"de":{"title":true,"content":true,"excerpt":false},"en":{"title":true,"content":true,"excerpt":false}}},"publishpress_future_action":{"enabled":false,"date":"2026-05-09 00:13:42","action":"change-status","newStatus":"draft","terms":[],"taxonomy":"category","extraData":[]},"publishpress_future_workflow_manual_trigger":{"enabledWorkflows":[]},"_links":{"self":[{"href":"https:\/\/stadt-adventskalender.de\/saechsischeschweiz\/wp-json\/wp\/v2\/posts\/294","targetHints":{"allow":["GET"]}}],"collection":[{"href":"https:\/\/stadt-adventskalender.de\/saechsischeschweiz\/wp-json\/wp\/v2\/posts"}],"about":[{"href":"https:\/\/stadt-adventskalender.de\/saechsischeschweiz\/wp-json\/wp\/v2\/types\/post"}],"author":[{"embeddable":true,"href":"https:\/\/stadt-adventskalender.de\/saechsischeschweiz\/wp-json\/wp\/v2\/users\/1"}],"replies":[{"embeddable":true,"href":"https:\/\/stadt-adventskalender.de\/saechsischeschweiz\/wp-json\/wp\/v2\/comments?post=294"}],"version-history":[{"count":4,"href":"https:\/\/stadt-adventskalender.de\/saechsischeschweiz\/wp-json\/wp\/v2\/posts\/294\/revisions"}],"predecessor-version":[{"id":304,"href":"https:\/\/stadt-adventskalender.de\/saechsischeschweiz\/wp-json\/wp\/v2\/posts\/294\/revisions\/304"}],"wp:attachment":[{"href":"https:\/\/stadt-adventskalender.de\/saechsischeschweiz\/wp-json\/wp\/v2\/media?parent=294"}],"wp:term":[{"taxonomy":"category","embeddable":true,"href":"https:\/\/stadt-adventskalender.de\/saechsischeschweiz\/wp-json\/wp\/v2\/categories?post=294"},{"taxonomy":"post_tag","embeddable":true,"href":"https:\/\/stadt-adventskalender.de\/saechsischeschweiz\/wp-json\/wp\/v2\/tags?post=294"}],"curies":[{"name":"wp","href":"https:\/\/api.w.org\/{rel}","templated":true}]}}