{"id":255,"date":"2025-12-13T00:00:00","date_gmt":"2025-12-12T23:00:00","guid":{"rendered":"http:\/\/stadt-adventskalender.de\/saechsischeschweiz\/?p=255"},"modified":"2025-11-06T09:09:37","modified_gmt":"2025-11-06T08:09:37","slug":"13-2","status":"publish","type":"post","link":"https:\/\/stadt-adventskalender.de\/saechsischeschweiz\/13-2\/","title":{"rendered":"13"},"content":{"rendered":"<h1>13<img loading=\"lazy\" decoding=\"async\" class=\"alignnone wp-image-46 size-full\" src=\"https:\/\/stadt-adventskalender.de\/saechsischeschweiz\/wp-content\/uploads\/sites\/13\/2019\/09\/13.png\" alt=\"\" width=\"300\" height=\"300\" srcset=\"https:\/\/stadt-adventskalender.de\/saechsischeschweiz\/wp-content\/uploads\/sites\/13\/2019\/09\/13.png 300w, https:\/\/stadt-adventskalender.de\/saechsischeschweiz\/wp-content\/uploads\/sites\/13\/2019\/09\/13-150x150.png 150w\" sizes=\"auto, (max-width: 300px) 100vw, 300px\" \/><\/h1>\n<h4>Einmal Indianer \u2013 immer Indianer<\/h4>\n<p>1966 startete mit \u201eDie S\u00f6hne der gro\u00dfen B\u00e4rin\u201c der erste DEFA-Western in den DDR-Kinos. <em>\u201eEin Indianerdorf ist kein Campingplatz\u201c<\/em>, beschwerte sich Liselotte Welskopf-Henrich, Autorin der Buchvorlage, \u00fcber eine Filmszene, die im Polenztal gedreht wurde. Auch der sanfte Missouri erregte ihr Mi\u00dffallen, von den blauen Augen des Medizinmannes ganz abgesehen. Doch Gojko Mitic, der den H\u00e4uptling Tokahito spielte, wurde trotzdem, ebenso wie sein westliches Pendant Pierre Brice, zur Kultfigur. Seine Stunts f\u00fchrte der ehemalige Sportstudent f\u00fcr gew\u00f6hnlich selbst durch: tollk\u00fchne Akrobatik zu Pferde, Bogenschie\u00dfen mit brennenden Pfeilen oder intensive Kampfhandlungen am Boden. Jugoslawische Sportstudenten waren damals beliebte Komparsen f\u00fcr Massenszenen der in Jugoslawien gedrehten westdeutschen Karl-May-Verfilmungen. Mitic fiel dort den Regisseuren auf und avancierte sp\u00e4ter zum \u201eWinnetou des Ostens<em>\u201c<\/em>.<\/p>\n","protected":false},"excerpt":{"rendered":"<p>13 Einmal Indianer \u2013 immer Indianer 1966 startete mit \u201eDie S\u00f6hne der gro\u00dfen B\u00e4rin\u201c der erste DEFA-Western in den DDR-Kinos. \u201eEin Indianerdorf ist kein Campingplatz\u201c, beschwerte sich Liselotte Welskopf-Henrich, Autorin der Buchvorlage, \u00fcber eine Filmszene, die im Polenztal gedreht wurde. Auch der sanfte Missouri erregte ihr Mi\u00dffallen, von den blauen Augen des Medizinmannes ganz abgesehen. &hellip; <a href=\"https:\/\/stadt-adventskalender.de\/saechsischeschweiz\/13-2\/\" class=\"more-link\"><span class=\"screen-reader-text\">13<\/span> weiterlesen<\/a><\/p>\n","protected":false},"author":1,"featured_media":0,"comment_status":"closed","ping_status":"open","sticky":false,"template":"","format":"standard","meta":{"footnotes":""},"categories":[3],"tags":[],"class_list":["post-255","post","type-post","status-publish","format-standard","hentry","category-alle-offenen-tuerchen"],"translation":{"provider":"WPGlobus","version":"3.0.0","language":"de","enabled_languages":["de","en"],"languages":{"de":{"title":true,"content":true,"excerpt":false},"en":{"title":true,"content":true,"excerpt":false}}},"publishpress_future_action":{"enabled":false,"date":"2026-05-09 00:13:35","action":"change-status","newStatus":"draft","terms":[],"taxonomy":"category","extraData":[]},"publishpress_future_workflow_manual_trigger":{"enabledWorkflows":[]},"_links":{"self":[{"href":"https:\/\/stadt-adventskalender.de\/saechsischeschweiz\/wp-json\/wp\/v2\/posts\/255","targetHints":{"allow":["GET"]}}],"collection":[{"href":"https:\/\/stadt-adventskalender.de\/saechsischeschweiz\/wp-json\/wp\/v2\/posts"}],"about":[{"href":"https:\/\/stadt-adventskalender.de\/saechsischeschweiz\/wp-json\/wp\/v2\/types\/post"}],"author":[{"embeddable":true,"href":"https:\/\/stadt-adventskalender.de\/saechsischeschweiz\/wp-json\/wp\/v2\/users\/1"}],"replies":[{"embeddable":true,"href":"https:\/\/stadt-adventskalender.de\/saechsischeschweiz\/wp-json\/wp\/v2\/comments?post=255"}],"version-history":[{"count":5,"href":"https:\/\/stadt-adventskalender.de\/saechsischeschweiz\/wp-json\/wp\/v2\/posts\/255\/revisions"}],"predecessor-version":[{"id":290,"href":"https:\/\/stadt-adventskalender.de\/saechsischeschweiz\/wp-json\/wp\/v2\/posts\/255\/revisions\/290"}],"wp:attachment":[{"href":"https:\/\/stadt-adventskalender.de\/saechsischeschweiz\/wp-json\/wp\/v2\/media?parent=255"}],"wp:term":[{"taxonomy":"category","embeddable":true,"href":"https:\/\/stadt-adventskalender.de\/saechsischeschweiz\/wp-json\/wp\/v2\/categories?post=255"},{"taxonomy":"post_tag","embeddable":true,"href":"https:\/\/stadt-adventskalender.de\/saechsischeschweiz\/wp-json\/wp\/v2\/tags?post=255"}],"curies":[{"name":"wp","href":"https:\/\/api.w.org\/{rel}","templated":true}]}}