{"id":249,"date":"2025-12-12T00:00:00","date_gmt":"2025-12-11T23:00:00","guid":{"rendered":"http:\/\/stadt-adventskalender.de\/saechsischeschweiz\/?p=249"},"modified":"2025-11-06T09:09:46","modified_gmt":"2025-11-06T08:09:46","slug":"12-2","status":"publish","type":"post","link":"https:\/\/stadt-adventskalender.de\/saechsischeschweiz\/12-2\/","title":{"rendered":"12"},"content":{"rendered":"<h1>12<img loading=\"lazy\" decoding=\"async\" class=\"alignnone wp-image-45 size-full\" src=\"https:\/\/stadt-adventskalender.de\/saechsischeschweiz\/wp-content\/uploads\/sites\/13\/2019\/09\/12.png\" alt=\"\" width=\"300\" height=\"300\" srcset=\"https:\/\/stadt-adventskalender.de\/saechsischeschweiz\/wp-content\/uploads\/sites\/13\/2019\/09\/12.png 300w, https:\/\/stadt-adventskalender.de\/saechsischeschweiz\/wp-content\/uploads\/sites\/13\/2019\/09\/12-150x150.png 150w\" sizes=\"auto, (max-width: 300px) 100vw, 300px\" \/><\/h1>\n<h4>&#8222;Die Bastey ist \u00fcber die ma\u00dfen sch\u00f6n, aber erst g\u00fclt es hinaufzugelangen!&#8220; (Adrian Zingg)<\/h4>\n<p>Die S\u00e4chsische Schweiz ist eines der bestbeschilderten Wandergebiete, so dass es kaum m\u00f6glich ist, sich zu verlaufen. Doch als man begann, sich in der zweiten H\u00e4lfte des 18. Jahrhunderts f\u00fcr die Sch\u00f6nheiten der Natur nur um ihrer selbst Willen zu interessieren, mu\u00dfte man sich noch auf die eigenen Sinne verlassen, wenn es ans Wandern ging.<br \/>\nEs sei denn, man mietete sich Fremdenf\u00fchrer. Diese bangten allerdings um ihre Einnahmequellen, als 1830 f\u00fcr die Reisenden am sogenannten <em>Fremdenweg<\/em> die ersten steinernen Wegweiser aufgestellt wurden. Wer die Sch\u00f6nheit der Natur zudem noch ohne eigene Anstrengung genie\u00dfen wollte, mietete sich Sesseltr\u00e4ger oder Tragtiere.<\/p>\n","protected":false},"excerpt":{"rendered":"<p>12 &#8222;Die Bastey ist \u00fcber die ma\u00dfen sch\u00f6n, aber erst g\u00fclt es hinaufzugelangen!&#8220; (Adrian Zingg) Die S\u00e4chsische Schweiz ist eines der bestbeschilderten Wandergebiete, so dass es kaum m\u00f6glich ist, sich zu verlaufen. Doch als man begann, sich in der zweiten H\u00e4lfte des 18. Jahrhunderts f\u00fcr die Sch\u00f6nheiten der Natur nur um ihrer selbst Willen zu &hellip; <a href=\"https:\/\/stadt-adventskalender.de\/saechsischeschweiz\/12-2\/\" class=\"more-link\"><span class=\"screen-reader-text\">12<\/span> weiterlesen<\/a><\/p>\n","protected":false},"author":1,"featured_media":0,"comment_status":"closed","ping_status":"open","sticky":false,"template":"","format":"standard","meta":{"footnotes":""},"categories":[3],"tags":[],"class_list":["post-249","post","type-post","status-publish","format-standard","hentry","category-alle-offenen-tuerchen"],"translation":{"provider":"WPGlobus","version":"3.0.0","language":"de","enabled_languages":["de","en"],"languages":{"de":{"title":true,"content":true,"excerpt":false},"en":{"title":true,"content":true,"excerpt":false}}},"publishpress_future_action":{"enabled":false,"date":"2026-05-09 00:13:35","action":"change-status","newStatus":"draft","terms":[],"taxonomy":"category","extraData":[]},"publishpress_future_workflow_manual_trigger":{"enabledWorkflows":[]},"_links":{"self":[{"href":"https:\/\/stadt-adventskalender.de\/saechsischeschweiz\/wp-json\/wp\/v2\/posts\/249","targetHints":{"allow":["GET"]}}],"collection":[{"href":"https:\/\/stadt-adventskalender.de\/saechsischeschweiz\/wp-json\/wp\/v2\/posts"}],"about":[{"href":"https:\/\/stadt-adventskalender.de\/saechsischeschweiz\/wp-json\/wp\/v2\/types\/post"}],"author":[{"embeddable":true,"href":"https:\/\/stadt-adventskalender.de\/saechsischeschweiz\/wp-json\/wp\/v2\/users\/1"}],"replies":[{"embeddable":true,"href":"https:\/\/stadt-adventskalender.de\/saechsischeschweiz\/wp-json\/wp\/v2\/comments?post=249"}],"version-history":[{"count":6,"href":"https:\/\/stadt-adventskalender.de\/saechsischeschweiz\/wp-json\/wp\/v2\/posts\/249\/revisions"}],"predecessor-version":[{"id":281,"href":"https:\/\/stadt-adventskalender.de\/saechsischeschweiz\/wp-json\/wp\/v2\/posts\/249\/revisions\/281"}],"wp:attachment":[{"href":"https:\/\/stadt-adventskalender.de\/saechsischeschweiz\/wp-json\/wp\/v2\/media?parent=249"}],"wp:term":[{"taxonomy":"category","embeddable":true,"href":"https:\/\/stadt-adventskalender.de\/saechsischeschweiz\/wp-json\/wp\/v2\/categories?post=249"},{"taxonomy":"post_tag","embeddable":true,"href":"https:\/\/stadt-adventskalender.de\/saechsischeschweiz\/wp-json\/wp\/v2\/tags?post=249"}],"curies":[{"name":"wp","href":"https:\/\/api.w.org\/{rel}","templated":true}]}}