{"id":178,"date":"2025-12-10T00:00:00","date_gmt":"2025-12-09T23:00:00","guid":{"rendered":"http:\/\/stadt-adventskalender.de\/saechsischeschweiz\/?p=178"},"modified":"2025-11-06T09:10:10","modified_gmt":"2025-11-06T08:10:10","slug":"10-2","status":"publish","type":"post","link":"https:\/\/stadt-adventskalender.de\/saechsischeschweiz\/10-2\/","title":{"rendered":"10"},"content":{"rendered":"<h1>10<img loading=\"lazy\" decoding=\"async\" class=\"alignnone wp-image-43 size-full\" src=\"https:\/\/stadt-adventskalender.de\/saechsischeschweiz\/wp-content\/uploads\/sites\/13\/2019\/09\/10.png\" alt=\"\" width=\"300\" height=\"300\" srcset=\"https:\/\/stadt-adventskalender.de\/saechsischeschweiz\/wp-content\/uploads\/sites\/13\/2019\/09\/10.png 300w, https:\/\/stadt-adventskalender.de\/saechsischeschweiz\/wp-content\/uploads\/sites\/13\/2019\/09\/10-150x150.png 150w\" sizes=\"auto, (max-width: 300px) 100vw, 300px\" \/><\/h1>\n<h4>Himmelfahrt<\/h4>\n<p>Manche hielten das Gef\u00e4hrt f\u00fcr einen Drachen. Ein Bauer soll ausgerufen haben: <em>\u201eOh Gott, ihr Leute, fallt nieder. Jetzt kommt unser himmlischer Vater.\u201c<\/em> Doch was da am Himmel auftauchte war keine au\u00dferirdische Erscheinung, sondern die Luftfahrtpionierin Wilhelmine Reichard. Schon oft war sie in einem Hei\u00dfluftballon unterwegs, doch 1812 kam sie vom Kurs ab, das Flugger\u00e4t stieg in eine H\u00f6he von 7800 m und zerri\u00df. Die Gondel landete schlie\u00dflich mit der bewu\u00dftlos gewordenen Frau in einer Fichte am Wachberg in der S\u00e4chsischen Schweiz.<br \/>\n5 Jahre sp\u00e4ter schwebte sie erneut \u2013 als Attraktion \u00fcber dem zehnten M\u00fcnchner Oktoberfest.<\/p>\n","protected":false},"excerpt":{"rendered":"<p>10 Himmelfahrt Manche hielten das Gef\u00e4hrt f\u00fcr einen Drachen. Ein Bauer soll ausgerufen haben: \u201eOh Gott, ihr Leute, fallt nieder. Jetzt kommt unser himmlischer Vater.\u201c Doch was da am Himmel auftauchte war keine au\u00dferirdische Erscheinung, sondern die Luftfahrtpionierin Wilhelmine Reichard. Schon oft war sie in einem Hei\u00dfluftballon unterwegs, doch 1812 kam sie vom Kurs ab, &hellip; <a href=\"https:\/\/stadt-adventskalender.de\/saechsischeschweiz\/10-2\/\" class=\"more-link\"><span class=\"screen-reader-text\">10<\/span> weiterlesen<\/a><\/p>\n","protected":false},"author":1,"featured_media":0,"comment_status":"closed","ping_status":"open","sticky":false,"template":"","format":"standard","meta":{"footnotes":""},"categories":[3],"tags":[],"class_list":["post-178","post","type-post","status-publish","format-standard","hentry","category-alle-offenen-tuerchen"],"translation":{"provider":"WPGlobus","version":"3.0.0","language":"de","enabled_languages":["de","en"],"languages":{"de":{"title":true,"content":true,"excerpt":false},"en":{"title":true,"content":true,"excerpt":false}}},"publishpress_future_action":{"enabled":false,"date":"2026-05-09 00:18:49","action":"change-status","newStatus":"draft","terms":[],"taxonomy":"category","extraData":[]},"publishpress_future_workflow_manual_trigger":{"enabledWorkflows":[]},"_links":{"self":[{"href":"https:\/\/stadt-adventskalender.de\/saechsischeschweiz\/wp-json\/wp\/v2\/posts\/178","targetHints":{"allow":["GET"]}}],"collection":[{"href":"https:\/\/stadt-adventskalender.de\/saechsischeschweiz\/wp-json\/wp\/v2\/posts"}],"about":[{"href":"https:\/\/stadt-adventskalender.de\/saechsischeschweiz\/wp-json\/wp\/v2\/types\/post"}],"author":[{"embeddable":true,"href":"https:\/\/stadt-adventskalender.de\/saechsischeschweiz\/wp-json\/wp\/v2\/users\/1"}],"replies":[{"embeddable":true,"href":"https:\/\/stadt-adventskalender.de\/saechsischeschweiz\/wp-json\/wp\/v2\/comments?post=178"}],"version-history":[{"count":4,"href":"https:\/\/stadt-adventskalender.de\/saechsischeschweiz\/wp-json\/wp\/v2\/posts\/178\/revisions"}],"predecessor-version":[{"id":613,"href":"https:\/\/stadt-adventskalender.de\/saechsischeschweiz\/wp-json\/wp\/v2\/posts\/178\/revisions\/613"}],"wp:attachment":[{"href":"https:\/\/stadt-adventskalender.de\/saechsischeschweiz\/wp-json\/wp\/v2\/media?parent=178"}],"wp:term":[{"taxonomy":"category","embeddable":true,"href":"https:\/\/stadt-adventskalender.de\/saechsischeschweiz\/wp-json\/wp\/v2\/categories?post=178"},{"taxonomy":"post_tag","embeddable":true,"href":"https:\/\/stadt-adventskalender.de\/saechsischeschweiz\/wp-json\/wp\/v2\/tags?post=178"}],"curies":[{"name":"wp","href":"https:\/\/api.w.org\/{rel}","templated":true}]}}