{"id":173,"date":"2025-12-09T00:00:00","date_gmt":"2025-12-08T23:00:00","guid":{"rendered":"http:\/\/stadt-adventskalender.de\/saechsischeschweiz\/?p=173"},"modified":"2025-11-06T09:10:23","modified_gmt":"2025-11-06T08:10:23","slug":"09-2","status":"publish","type":"post","link":"https:\/\/stadt-adventskalender.de\/saechsischeschweiz\/09-2\/","title":{"rendered":"09"},"content":{"rendered":"<h1>09<img loading=\"lazy\" decoding=\"async\" class=\"alignnone wp-image-42 size-full\" src=\"https:\/\/stadt-adventskalender.de\/saechsischeschweiz\/wp-content\/uploads\/sites\/13\/2019\/09\/09.png\" alt=\"\" width=\"300\" height=\"300\" srcset=\"https:\/\/stadt-adventskalender.de\/saechsischeschweiz\/wp-content\/uploads\/sites\/13\/2019\/09\/09.png 300w, https:\/\/stadt-adventskalender.de\/saechsischeschweiz\/wp-content\/uploads\/sites\/13\/2019\/09\/09-150x150.png 150w\" sizes=\"auto, (max-width: 300px) 100vw, 300px\" \/><\/h1>\n<h4>Der verschenkte Lilienstein<\/h4>\n<p><em>Einst sa\u00dfen auf dem K\u00f6nigstein<\/em><br \/>\n<em>Gem\u00fctlich bei der Flasche Wein<\/em><br \/>\n<em>Der Kurf\u00fcrst und der Preu\u00dfenk\u00f6nig<\/em><br \/>\n<em>Und plauderten dabei ein wenig.<\/em><br \/>\n<em>Der K\u00f6nig sprach: \u201eBei meiner Ehr\u2018,<\/em><br \/>\n<em>Der K\u00f6nigstein gef\u00e4llt mir sehr\u201c.<\/em><br \/>\n<em>Worauf der Kurf\u00fcrst zu ihm Spricht:<\/em><br \/>\n<em>\u201eSieh! Solch Berge hast Du nicht,<\/em><br \/>\n<em>In Deinem gro\u00dfen Preu\u00dfenlande<\/em><br \/>\n<em>Sitzt man oft auf dem trocknen Sande.<\/em><br \/>\n<em>Drum will ich Dir zum Angedenken<\/em><br \/>\n<em>Den Lilienstein da dr\u00fcben schenken.\u201c<\/em><\/p>\n<p><em>\u201eMein Bruderherz ich danke Dir,<\/em><br \/>\n<em>Nun bau ich eine Festung mir<\/em><br \/>\n<em>In Deinem sch\u00f6nen Sachsenland,<\/em><br \/>\n<em>Die wird der Friedrichstein genannt,<\/em><br \/>\n<em>Der K\u00f6nig sprach\u2019s mit frohem Sinn<\/em><br \/>\n<em>Und reiste wieder nach Berlin.<\/em><br \/>\n<em>In beiden H\u00e4nden den Kopf gest\u00fctzt,<\/em><br \/>\n<em>Der Kurf\u00fcrst fr\u00fch bei Tische sitzt;<\/em><br \/>\n<em>Teilnehmend frug der Kyau gleich:<\/em><br \/>\n<em>\u201eMein F\u00fcrst und Herr, was fehlet Euch?\u201c<\/em><\/p>\n<p><em>\u201eAch lieber Kyau, vor\u2019ge Nacht<\/em><br \/>\n<em>Hab\u2018 ich\u2019n dummen Streich gemacht.<\/em><br \/>\n<em>Geschenkt hab ich beim Glase Wein<\/em><br \/>\n<em>Dem K\u00f6nig unser\u2019n Lilienstein.<\/em><br \/>\n<em>Der baut eine Veste n\u00e4chstes Jahr<\/em><br \/>\n<em>Mein K\u00f6nigstein kommt in Gefahr,<\/em><br \/>\n<em>Die ganze Geschichte wird noch dumm,<\/em><br \/>\n<em>Das geht mir jetzt io\u00b4m Kopf herum,\u201c<\/em><br \/>\n<em>Da lacht der Kyau laut und spricht:<\/em><br \/>\n<em>\u201eMein gn\u00e4d\u2019ger Herr, da sorget nicht,<\/em><br \/>\n<em>Schlagt Euch die Grillen aus dem Sinn<\/em><br \/>\n<em>Und schickt mich schleunigst nach Berlin.<\/em><\/p>\n<p><em>Der Kyau wurde ohne Weile<\/em><br \/>\n<em>Gesendet nach Berlin in Eile,<\/em><br \/>\n<em>Tritt vor des K\u00f6nigs Angesicht<\/em><br \/>\n<em>Und feierlich er also spricht:<\/em><br \/>\n<em>\u201eEw. Majest\u00e4t woll\u2019n verzeih\u2019n!<\/em><br \/>\n<em>Der Euch geschenkte Lilienstein<\/em><br \/>\n<em>Ist uns im Wege jetzt gar sehr,<\/em><br \/>\n<em>Den Platz gebrauchen wir nunmehr<\/em><br \/>\n<em>Zum Abbruch steht er Euch bereit,<\/em><br \/>\n<em>Wir geben nur vier Wochen Zeit.\u201c<\/em><\/p>\n<p><em>Da mu\u00df der K\u00f6nig herzlich lachen,<\/em><br \/>\n<em>Spricht: \u201eSo schnell l\u00e4\u00dft sich das nicht machen.<\/em><br \/>\n<em>Wohl w\u00fcrden sich die Meinen freu\u2019n,<\/em><br \/>\n<em>K\u00e4m\u2018 nach Berlin der Lilienstein;<\/em><br \/>\n<em>Das g\u00e4be eine gro\u00dfe Freude,<\/em><br \/>\n<em>Stellt ich ihn in die Hasenheide.<\/em><br \/>\n<em>Doch lieber Kyau, Ihr k\u00f6nnt gehen,<\/em><br \/>\n<em>Ich la\u00df den schweren Felsen stehn,<\/em><br \/>\n<em>Sagt Euren F\u00fcrst, es bleibt beim Alten,<\/em><br \/>\n<em>Er soll den Lilienstein behalten.\u201c<\/em><\/p>\n<p><em>So blieb der Berg an seinem Ort<\/em><br \/>\n<em>Und steht noch heut\u2019gen Tages dort.<\/em><br \/>\n<em>Ein Wirtshaus ist auch oben drauf,<\/em><br \/>\n<em>Wer es nicht glaubt \u2013 steig selbst hinauf.<\/em><\/p>\n<p>Mit seinen beiden eingemei\u00dfelten Schwertern und dem Symbol Augusts des Starken erinnert ein Obelisk auf dem Lilienstein an die Besteigung durch den K\u00f6nig im Jahr 1708.<\/p>\n<p><em>\u00a0<\/em><\/p>\n","protected":false},"excerpt":{"rendered":"<p>09 Der verschenkte Lilienstein Einst sa\u00dfen auf dem K\u00f6nigstein Gem\u00fctlich bei der Flasche Wein Der Kurf\u00fcrst und der Preu\u00dfenk\u00f6nig Und plauderten dabei ein wenig. Der K\u00f6nig sprach: \u201eBei meiner Ehr\u2018, Der K\u00f6nigstein gef\u00e4llt mir sehr\u201c. Worauf der Kurf\u00fcrst zu ihm Spricht: \u201eSieh! Solch Berge hast Du nicht, In Deinem gro\u00dfen Preu\u00dfenlande Sitzt man oft auf &hellip; <a href=\"https:\/\/stadt-adventskalender.de\/saechsischeschweiz\/09-2\/\" class=\"more-link\"><span class=\"screen-reader-text\">09<\/span> weiterlesen<\/a><\/p>\n","protected":false},"author":1,"featured_media":0,"comment_status":"closed","ping_status":"open","sticky":false,"template":"","format":"standard","meta":{"footnotes":""},"categories":[3],"tags":[],"class_list":["post-173","post","type-post","status-publish","format-standard","hentry","category-alle-offenen-tuerchen"],"translation":{"provider":"WPGlobus","version":"3.0.0","language":"de","enabled_languages":["de","en"],"languages":{"de":{"title":true,"content":true,"excerpt":false},"en":{"title":true,"content":true,"excerpt":false}}},"publishpress_future_action":{"enabled":false,"date":"2026-05-09 00:09:16","action":"change-status","newStatus":"draft","terms":[],"taxonomy":"category","extraData":[]},"publishpress_future_workflow_manual_trigger":{"enabledWorkflows":[]},"_links":{"self":[{"href":"https:\/\/stadt-adventskalender.de\/saechsischeschweiz\/wp-json\/wp\/v2\/posts\/173","targetHints":{"allow":["GET"]}}],"collection":[{"href":"https:\/\/stadt-adventskalender.de\/saechsischeschweiz\/wp-json\/wp\/v2\/posts"}],"about":[{"href":"https:\/\/stadt-adventskalender.de\/saechsischeschweiz\/wp-json\/wp\/v2\/types\/post"}],"author":[{"embeddable":true,"href":"https:\/\/stadt-adventskalender.de\/saechsischeschweiz\/wp-json\/wp\/v2\/users\/1"}],"replies":[{"embeddable":true,"href":"https:\/\/stadt-adventskalender.de\/saechsischeschweiz\/wp-json\/wp\/v2\/comments?post=173"}],"version-history":[{"count":4,"href":"https:\/\/stadt-adventskalender.de\/saechsischeschweiz\/wp-json\/wp\/v2\/posts\/173\/revisions"}],"predecessor-version":[{"id":585,"href":"https:\/\/stadt-adventskalender.de\/saechsischeschweiz\/wp-json\/wp\/v2\/posts\/173\/revisions\/585"}],"wp:attachment":[{"href":"https:\/\/stadt-adventskalender.de\/saechsischeschweiz\/wp-json\/wp\/v2\/media?parent=173"}],"wp:term":[{"taxonomy":"category","embeddable":true,"href":"https:\/\/stadt-adventskalender.de\/saechsischeschweiz\/wp-json\/wp\/v2\/categories?post=173"},{"taxonomy":"post_tag","embeddable":true,"href":"https:\/\/stadt-adventskalender.de\/saechsischeschweiz\/wp-json\/wp\/v2\/tags?post=173"}],"curies":[{"name":"wp","href":"https:\/\/api.w.org\/{rel}","templated":true}]}}