{"id":169,"date":"2025-12-08T00:00:00","date_gmt":"2025-12-07T23:00:00","guid":{"rendered":"http:\/\/stadt-adventskalender.de\/saechsischeschweiz\/?p=169"},"modified":"2025-11-06T09:10:37","modified_gmt":"2025-11-06T08:10:37","slug":"08-2","status":"publish","type":"post","link":"https:\/\/stadt-adventskalender.de\/saechsischeschweiz\/08-2\/","title":{"rendered":"08"},"content":{"rendered":"<h1>8<img loading=\"lazy\" decoding=\"async\" class=\"alignnone wp-image-41 size-full\" src=\"https:\/\/stadt-adventskalender.de\/saechsischeschweiz\/wp-content\/uploads\/sites\/13\/2019\/09\/08.png\" alt=\"\" width=\"300\" height=\"300\" srcset=\"https:\/\/stadt-adventskalender.de\/saechsischeschweiz\/wp-content\/uploads\/sites\/13\/2019\/09\/08.png 300w, https:\/\/stadt-adventskalender.de\/saechsischeschweiz\/wp-content\/uploads\/sites\/13\/2019\/09\/08-150x150.png 150w\" sizes=\"auto, (max-width: 300px) 100vw, 300px\" \/><\/h1>\n<h4>Besuch beim Geologen<\/h4>\n<p>Eine Wanderung auf die Bergspitze oder mit einer Seilschaft die Felsw\u00e4nde hoch \u2013 nicht nur kr\u00e4ftem\u00e4\u00dfig, auch geologisch etwas v\u00f6llig anderes.<br \/>\nDie schroff in der Landschaft aufragenden Felsen geben dem kleinen Gebirge Charakter und Namen. Etwa 100 Millionen Jahre ist es her, dass sich dieser Sandstein in der Kreidezeit im Kreidemeer abgelagert hat.<br \/>\nDie Berge dagegen mit ihren abgerundeten Kuppen bestehen aus balsaltischem Gestein der Terti\u00e4rzeit vor 60 bis 20 Millionen Jahren. Als Fernwirkung der Alpenhebung wurde das Erzgebirge als Pultscholle angehoben und s\u00fcdlich davon der Egertalgraben gebildet. Dort gab es einen intensiven Vulkanismus, der sich auch im nahe gelegen Elbsandsteingebirge an Schw\u00e4chezonen bemerkbar machte.<\/p>\n<p><em>\u00a0<\/em><\/p>\n","protected":false},"excerpt":{"rendered":"<p>8 Besuch beim Geologen Eine Wanderung auf die Bergspitze oder mit einer Seilschaft die Felsw\u00e4nde hoch \u2013 nicht nur kr\u00e4ftem\u00e4\u00dfig, auch geologisch etwas v\u00f6llig anderes. Die schroff in der Landschaft aufragenden Felsen geben dem kleinen Gebirge Charakter und Namen. Etwa 100 Millionen Jahre ist es her, dass sich dieser Sandstein in der Kreidezeit im Kreidemeer &hellip; <a href=\"https:\/\/stadt-adventskalender.de\/saechsischeschweiz\/08-2\/\" class=\"more-link\"><span class=\"screen-reader-text\">08<\/span> weiterlesen<\/a><\/p>\n","protected":false},"author":1,"featured_media":0,"comment_status":"closed","ping_status":"open","sticky":false,"template":"","format":"standard","meta":{"footnotes":""},"categories":[3],"tags":[],"class_list":["post-169","post","type-post","status-publish","format-standard","hentry","category-alle-offenen-tuerchen"],"translation":{"provider":"WPGlobus","version":"3.0.0","language":"de","enabled_languages":["de","en"],"languages":{"de":{"title":true,"content":true,"excerpt":false},"en":{"title":true,"content":true,"excerpt":false}}},"publishpress_future_action":{"enabled":false,"date":"2026-05-09 00:05:12","action":"change-status","newStatus":"draft","terms":[],"taxonomy":"category","extraData":[]},"publishpress_future_workflow_manual_trigger":{"enabledWorkflows":[]},"_links":{"self":[{"href":"https:\/\/stadt-adventskalender.de\/saechsischeschweiz\/wp-json\/wp\/v2\/posts\/169","targetHints":{"allow":["GET"]}}],"collection":[{"href":"https:\/\/stadt-adventskalender.de\/saechsischeschweiz\/wp-json\/wp\/v2\/posts"}],"about":[{"href":"https:\/\/stadt-adventskalender.de\/saechsischeschweiz\/wp-json\/wp\/v2\/types\/post"}],"author":[{"embeddable":true,"href":"https:\/\/stadt-adventskalender.de\/saechsischeschweiz\/wp-json\/wp\/v2\/users\/1"}],"replies":[{"embeddable":true,"href":"https:\/\/stadt-adventskalender.de\/saechsischeschweiz\/wp-json\/wp\/v2\/comments?post=169"}],"version-history":[{"count":4,"href":"https:\/\/stadt-adventskalender.de\/saechsischeschweiz\/wp-json\/wp\/v2\/posts\/169\/revisions"}],"predecessor-version":[{"id":586,"href":"https:\/\/stadt-adventskalender.de\/saechsischeschweiz\/wp-json\/wp\/v2\/posts\/169\/revisions\/586"}],"wp:attachment":[{"href":"https:\/\/stadt-adventskalender.de\/saechsischeschweiz\/wp-json\/wp\/v2\/media?parent=169"}],"wp:term":[{"taxonomy":"category","embeddable":true,"href":"https:\/\/stadt-adventskalender.de\/saechsischeschweiz\/wp-json\/wp\/v2\/categories?post=169"},{"taxonomy":"post_tag","embeddable":true,"href":"https:\/\/stadt-adventskalender.de\/saechsischeschweiz\/wp-json\/wp\/v2\/tags?post=169"}],"curies":[{"name":"wp","href":"https:\/\/api.w.org\/{rel}","templated":true}]}}