{"id":157,"date":"2025-12-06T00:00:00","date_gmt":"2025-12-05T23:00:00","guid":{"rendered":"http:\/\/stadt-adventskalender.de\/saechsischeschweiz\/?p=157"},"modified":"2025-11-06T09:11:12","modified_gmt":"2025-11-06T08:11:12","slug":"06-2","status":"publish","type":"post","link":"https:\/\/stadt-adventskalender.de\/saechsischeschweiz\/06-2\/","title":{"rendered":"06"},"content":{"rendered":"<h1>6<img loading=\"lazy\" decoding=\"async\" class=\"alignnone wp-image-39 size-full\" src=\"https:\/\/stadt-adventskalender.de\/saechsischeschweiz\/wp-content\/uploads\/sites\/13\/2019\/09\/06.png\" alt=\"\" width=\"300\" height=\"300\" srcset=\"https:\/\/stadt-adventskalender.de\/saechsischeschweiz\/wp-content\/uploads\/sites\/13\/2019\/09\/06.png 300w, https:\/\/stadt-adventskalender.de\/saechsischeschweiz\/wp-content\/uploads\/sites\/13\/2019\/09\/06-150x150.png 150w\" sizes=\"auto, (max-width: 300px) 100vw, 300px\" \/><\/h1>\n<h4>Tri tra trallala<\/h4>\n<p>Im kleinen Puppentheatermuseum in Hohnstein hat sich der Teufel das Pausenschild um den Hals geh\u00e4ngt. Soll er; der Hohnsteiner Kasper und seine Freunde f\u00fcllten den Saal der Hohnsteiner Burg ab 1928 trotzdem unerm\u00fcdlich Abend f\u00fcr Abend. Nicht mit Pr\u00fcgel und Bratpfanne sondern mit feinem Witz. Das unterschied ihn vom damals typischen \u201eJahrmarktskasper\u201c, einem derben Gesellen mit teils unfl\u00e4tigem Benehmen.<br \/>\nAls einzige deutsche Handpuppenb\u00fchne erhielten Max Jacob und seine Frau Marie mit der ganzen Hohnsteiner Kasperfamilie 1937 eine Einladung zur Weltausstellung nach Paris. F\u00fcr den \u201eFreisch\u00fctz\u201c gewannen sie dort die Goldmedaille f\u00fcr das beste Handpuppenspiel. Applaus!<\/p>\n<p><em>\u00a0<\/em><\/p>\n","protected":false},"excerpt":{"rendered":"<p>6 Tri tra trallala Im kleinen Puppentheatermuseum in Hohnstein hat sich der Teufel das Pausenschild um den Hals geh\u00e4ngt. Soll er; der Hohnsteiner Kasper und seine Freunde f\u00fcllten den Saal der Hohnsteiner Burg ab 1928 trotzdem unerm\u00fcdlich Abend f\u00fcr Abend. Nicht mit Pr\u00fcgel und Bratpfanne sondern mit feinem Witz. Das unterschied ihn vom damals typischen &hellip; <a href=\"https:\/\/stadt-adventskalender.de\/saechsischeschweiz\/06-2\/\" class=\"more-link\"><span class=\"screen-reader-text\">06<\/span> weiterlesen<\/a><\/p>\n","protected":false},"author":1,"featured_media":0,"comment_status":"closed","ping_status":"open","sticky":false,"template":"","format":"standard","meta":{"footnotes":""},"categories":[3],"tags":[],"class_list":["post-157","post","type-post","status-publish","format-standard","hentry","category-alle-offenen-tuerchen"],"translation":{"provider":"WPGlobus","version":"3.0.0","language":"de","enabled_languages":["de","en"],"languages":{"de":{"title":true,"content":true,"excerpt":false},"en":{"title":true,"content":true,"excerpt":false}}},"publishpress_future_action":{"enabled":false,"date":"2026-05-09 00:13:41","action":"change-status","newStatus":"draft","terms":[],"taxonomy":"category","extraData":[]},"publishpress_future_workflow_manual_trigger":{"enabledWorkflows":[]},"_links":{"self":[{"href":"https:\/\/stadt-adventskalender.de\/saechsischeschweiz\/wp-json\/wp\/v2\/posts\/157","targetHints":{"allow":["GET"]}}],"collection":[{"href":"https:\/\/stadt-adventskalender.de\/saechsischeschweiz\/wp-json\/wp\/v2\/posts"}],"about":[{"href":"https:\/\/stadt-adventskalender.de\/saechsischeschweiz\/wp-json\/wp\/v2\/types\/post"}],"author":[{"embeddable":true,"href":"https:\/\/stadt-adventskalender.de\/saechsischeschweiz\/wp-json\/wp\/v2\/users\/1"}],"replies":[{"embeddable":true,"href":"https:\/\/stadt-adventskalender.de\/saechsischeschweiz\/wp-json\/wp\/v2\/comments?post=157"}],"version-history":[{"count":5,"href":"https:\/\/stadt-adventskalender.de\/saechsischeschweiz\/wp-json\/wp\/v2\/posts\/157\/revisions"}],"predecessor-version":[{"id":587,"href":"https:\/\/stadt-adventskalender.de\/saechsischeschweiz\/wp-json\/wp\/v2\/posts\/157\/revisions\/587"}],"wp:attachment":[{"href":"https:\/\/stadt-adventskalender.de\/saechsischeschweiz\/wp-json\/wp\/v2\/media?parent=157"}],"wp:term":[{"taxonomy":"category","embeddable":true,"href":"https:\/\/stadt-adventskalender.de\/saechsischeschweiz\/wp-json\/wp\/v2\/categories?post=157"},{"taxonomy":"post_tag","embeddable":true,"href":"https:\/\/stadt-adventskalender.de\/saechsischeschweiz\/wp-json\/wp\/v2\/tags?post=157"}],"curies":[{"name":"wp","href":"https:\/\/api.w.org\/{rel}","templated":true}]}}