{"id":255,"date":"2025-12-13T00:00:00","date_gmt":"2025-12-12T23:00:00","guid":{"rendered":"http:\/\/stadt-adventskalender.de\/saechsischeschweiz\/?p=255"},"modified":"2025-11-06T09:09:37","modified_gmt":"2025-11-06T08:09:37","slug":"13-2","status":"publish","type":"post","link":"https:\/\/stadt-adventskalender.de\/saechsischeschweiz\/en\/13-2\/","title":{"rendered":"13"},"content":{"rendered":"<h1>13<img loading=\"lazy\" decoding=\"async\" class=\"alignnone wp-image-46 size-full\" src=\"https:\/\/stadt-adventskalender.de\/saechsischeschweiz\/wp-content\/uploads\/sites\/13\/2019\/09\/13.png\" alt=\"\" width=\"300\" height=\"300\" srcset=\"https:\/\/stadt-adventskalender.de\/saechsischeschweiz\/wp-content\/uploads\/sites\/13\/2019\/09\/13.png 300w, https:\/\/stadt-adventskalender.de\/saechsischeschweiz\/wp-content\/uploads\/sites\/13\/2019\/09\/13-150x150.png 150w\" sizes=\"auto, (max-width: 300px) 100vw, 300px\" \/><\/h1>\n<h4>Once a Native American \u2013 always a Native American<\/h4>\n<p>In 1966 the first DEFA movie featuring a story about Native Americans, \u201cDie S\u00f6hne der gro\u00dfen B\u00e4rin\u201d (The sons of the big she-bear) came to movie theatres in the GDR. \u201cThe village of the American Indians is no camping site\u201d complained Liselotte Welskopf-Henrich, the author of the book that provide the plot for the movie, about a scene filmed in the Polenz valley. The bland Missouri did not please her, as well, not to speak of the blue eyes of the medicine man. But Gojko Mitic who played the role of chief Tokahito became an iconic figure for the many fans of American Indians in the GDR &#8211; just like his West German counterpart Pierre Brice. Mitic who was a former Sports student did most of his stunts himself: be it daredevil acrobatics on horseback, archery with burning arrows or intensive fighting scenes.<\/p>\n","protected":false},"excerpt":{"rendered":"<p>13 Once a Native American \u2013 always a Native American In 1966 the first DEFA movie featuring a story about Native Americans, \u201cDie S\u00f6hne der gro\u00dfen B\u00e4rin\u201d (The sons of the big she-bear) came to movie theatres in the GDR. \u201cThe village of the American Indians is no camping site\u201d complained Liselotte Welskopf-Henrich, the author &hellip; <a href=\"https:\/\/stadt-adventskalender.de\/saechsischeschweiz\/en\/13-2\/\" class=\"more-link\">Continue reading <span class=\"screen-reader-text\">13<\/span><\/a><\/p>\n","protected":false},"author":1,"featured_media":0,"comment_status":"closed","ping_status":"open","sticky":false,"template":"","format":"standard","meta":{"footnotes":""},"categories":[3],"tags":[],"class_list":["post-255","post","type-post","status-publish","format-standard","hentry","category-alle-offenen-tuerchen"],"translation":{"provider":"WPGlobus","version":"3.0.0","language":"en","enabled_languages":["de","en"],"languages":{"de":{"title":true,"content":true,"excerpt":false},"en":{"title":true,"content":true,"excerpt":false}}},"publishpress_future_action":{"enabled":false,"date":"2026-05-09 01:00:08","action":"change-status","newStatus":"draft","terms":[],"taxonomy":"category","extraData":[]},"publishpress_future_workflow_manual_trigger":{"enabledWorkflows":[]},"_links":{"self":[{"href":"https:\/\/stadt-adventskalender.de\/saechsischeschweiz\/en\/wp-json\/wp\/v2\/posts\/255","targetHints":{"allow":["GET"]}}],"collection":[{"href":"https:\/\/stadt-adventskalender.de\/saechsischeschweiz\/en\/wp-json\/wp\/v2\/posts"}],"about":[{"href":"https:\/\/stadt-adventskalender.de\/saechsischeschweiz\/en\/wp-json\/wp\/v2\/types\/post"}],"author":[{"embeddable":true,"href":"https:\/\/stadt-adventskalender.de\/saechsischeschweiz\/en\/wp-json\/wp\/v2\/users\/1"}],"replies":[{"embeddable":true,"href":"https:\/\/stadt-adventskalender.de\/saechsischeschweiz\/en\/wp-json\/wp\/v2\/comments?post=255"}],"version-history":[{"count":5,"href":"https:\/\/stadt-adventskalender.de\/saechsischeschweiz\/en\/wp-json\/wp\/v2\/posts\/255\/revisions"}],"predecessor-version":[{"id":290,"href":"https:\/\/stadt-adventskalender.de\/saechsischeschweiz\/en\/wp-json\/wp\/v2\/posts\/255\/revisions\/290"}],"wp:attachment":[{"href":"https:\/\/stadt-adventskalender.de\/saechsischeschweiz\/en\/wp-json\/wp\/v2\/media?parent=255"}],"wp:term":[{"taxonomy":"category","embeddable":true,"href":"https:\/\/stadt-adventskalender.de\/saechsischeschweiz\/en\/wp-json\/wp\/v2\/categories?post=255"},{"taxonomy":"post_tag","embeddable":true,"href":"https:\/\/stadt-adventskalender.de\/saechsischeschweiz\/en\/wp-json\/wp\/v2\/tags?post=255"}],"curies":[{"name":"wp","href":"https:\/\/api.w.org\/{rel}","templated":true}]}}