{"id":357,"date":"2025-12-22T00:00:00","date_gmt":"2025-12-21T23:00:00","guid":{"rendered":"http:\/\/stadt-adventskalender.de\/rixdorf\/?p=357"},"modified":"2025-11-06T21:34:34","modified_gmt":"2025-11-06T20:34:34","slug":"22-2","status":"publish","type":"post","link":"https:\/\/stadt-adventskalender.de\/rixdorf\/22-2\/","title":{"rendered":"22"},"content":{"rendered":"<h1>22<img loading=\"lazy\" decoding=\"async\" class=\"alignnone wp-image-37 size-full\" src=\"https:\/\/stadt-adventskalender.de\/rixdorf\/wp-content\/uploads\/sites\/14\/2019\/09\/22.png\" alt=\"\" width=\"300\" height=\"300\" srcset=\"https:\/\/stadt-adventskalender.de\/rixdorf\/wp-content\/uploads\/sites\/14\/2019\/09\/22.png 300w, https:\/\/stadt-adventskalender.de\/rixdorf\/wp-content\/uploads\/sites\/14\/2019\/09\/22-150x150.png 150w\" sizes=\"auto, (max-width: 300px) 100vw, 300px\" \/><\/h1>\n<h4>Br\u00fcderische Farbenlehre<\/h4>\n<p>Ein altes Foto von 1949 zeigt Frauen der Br\u00fcdergemeine in ihrer Festtagskleidung in der Kirchgasse, wozu das das wei\u00dfe Schultertuch mit Fransen und eine Haube geh\u00f6rt. Die schwarz-weisse Aufnahme kann jedoch ein wichtiges Detail nicht wiedergeben: die sogenannten Chorb\u00e4nder an den Hauben hatten unterschiedliche Farben \u2013 Kinder und Ledige trugen ein rosa Band, junge M\u00e4dchen nach der Konfirmation ein rotes, Verheiratete ein blaues und Witwen ein wei\u00dfes. Die filigranen Kopfbedeckungen wurden nicht gen\u00e4ht sondern mit Nadeln aufw\u00e4ndig gesteckt und in speziellen K\u00f6rben aufbewahrt.<\/p>\n","protected":false},"excerpt":{"rendered":"<p>22 Br\u00fcderische Farbenlehre Ein altes Foto von 1949 zeigt Frauen der Br\u00fcdergemeine in ihrer Festtagskleidung in der Kirchgasse, wozu das das wei\u00dfe Schultertuch mit Fransen und eine Haube geh\u00f6rt. Die schwarz-weisse Aufnahme kann jedoch ein wichtiges Detail nicht wiedergeben: die sogenannten Chorb\u00e4nder an den Hauben hatten unterschiedliche Farben \u2013 Kinder und Ledige trugen ein rosa &hellip; <a href=\"https:\/\/stadt-adventskalender.de\/rixdorf\/22-2\/\" class=\"more-link\"><span class=\"screen-reader-text\">22<\/span> weiterlesen<\/a><\/p>\n","protected":false},"author":1,"featured_media":0,"comment_status":"closed","ping_status":"open","sticky":false,"template":"","format":"standard","meta":{"footnotes":""},"categories":[4],"tags":[],"class_list":["post-357","post","type-post","status-publish","format-standard","hentry","category-alle-offenen-turchen"],"translation":{"provider":"WPGlobus","version":"3.0.0","language":"de","enabled_languages":["de","en","cs"],"languages":{"de":{"title":true,"content":true,"excerpt":false},"en":{"title":true,"content":true,"excerpt":false},"cs":{"title":true,"content":true,"excerpt":false}}},"publishpress_future_action":{"enabled":false,"date":"2026-05-08 18:06:17","action":"change-status","newStatus":"draft","terms":[],"taxonomy":"category","extraData":[]},"publishpress_future_workflow_manual_trigger":{"enabledWorkflows":[]},"_links":{"self":[{"href":"https:\/\/stadt-adventskalender.de\/rixdorf\/wp-json\/wp\/v2\/posts\/357","targetHints":{"allow":["GET"]}}],"collection":[{"href":"https:\/\/stadt-adventskalender.de\/rixdorf\/wp-json\/wp\/v2\/posts"}],"about":[{"href":"https:\/\/stadt-adventskalender.de\/rixdorf\/wp-json\/wp\/v2\/types\/post"}],"author":[{"embeddable":true,"href":"https:\/\/stadt-adventskalender.de\/rixdorf\/wp-json\/wp\/v2\/users\/1"}],"replies":[{"embeddable":true,"href":"https:\/\/stadt-adventskalender.de\/rixdorf\/wp-json\/wp\/v2\/comments?post=357"}],"version-history":[{"count":6,"href":"https:\/\/stadt-adventskalender.de\/rixdorf\/wp-json\/wp\/v2\/posts\/357\/revisions"}],"predecessor-version":[{"id":599,"href":"https:\/\/stadt-adventskalender.de\/rixdorf\/wp-json\/wp\/v2\/posts\/357\/revisions\/599"}],"wp:attachment":[{"href":"https:\/\/stadt-adventskalender.de\/rixdorf\/wp-json\/wp\/v2\/media?parent=357"}],"wp:term":[{"taxonomy":"category","embeddable":true,"href":"https:\/\/stadt-adventskalender.de\/rixdorf\/wp-json\/wp\/v2\/categories?post=357"},{"taxonomy":"post_tag","embeddable":true,"href":"https:\/\/stadt-adventskalender.de\/rixdorf\/wp-json\/wp\/v2\/tags?post=357"}],"curies":[{"name":"wp","href":"https:\/\/api.w.org\/{rel}","templated":true}]}}