{"id":330,"date":"2025-12-16T00:00:00","date_gmt":"2025-12-15T23:00:00","guid":{"rendered":"http:\/\/stadt-adventskalender.de\/rixdorf\/?p=330"},"modified":"2025-11-06T21:35:19","modified_gmt":"2025-11-06T20:35:19","slug":"16-2","status":"publish","type":"post","link":"https:\/\/stadt-adventskalender.de\/rixdorf\/16-2\/","title":{"rendered":"16"},"content":{"rendered":"<h1>16<img loading=\"lazy\" decoding=\"async\" class=\"alignnone wp-image-93 size-full\" src=\"https:\/\/stadt-adventskalender.de\/rixdorf\/wp-content\/uploads\/sites\/14\/2019\/11\/16.png\" alt=\"\" width=\"300\" height=\"300\" srcset=\"https:\/\/stadt-adventskalender.de\/rixdorf\/wp-content\/uploads\/sites\/14\/2019\/11\/16.png 300w, https:\/\/stadt-adventskalender.de\/rixdorf\/wp-content\/uploads\/sites\/14\/2019\/11\/16-150x150.png 150w\" sizes=\"auto, (max-width: 300px) 100vw, 300px\" \/><\/h1>\n<h4>Auf Friedensmission<\/h4>\n<p>In Dankbarkeit f\u00fcr die Aufnahme der B\u00f6hmen in Rixdorf enth\u00fcllte Alexander Dubcek, als ehemaliger Parteichef der KP\u010c Leitfigur des Prager Fr\u00fchlings, 1992 (seinem Todesjahr) eine Comenius-Statue. Ausgerechnet die Armeen beider L\u00e4nder hatten den Transport der tonnenschweren Bronzeskulptur des zutiefst pazifistischen Gelehrten aus Tschechien an ihren Standort im Comenius-Garten \u00fcbernommen.<br \/>\nDer K\u00fcnstler verlieh den H\u00e4nden des grossen Humanisten einen sowohl gebenden als auch empfangenden Gestus.<\/p>\n","protected":false},"excerpt":{"rendered":"<p>16 Auf Friedensmission In Dankbarkeit f\u00fcr die Aufnahme der B\u00f6hmen in Rixdorf enth\u00fcllte Alexander Dubcek, als ehemaliger Parteichef der KP\u010c Leitfigur des Prager Fr\u00fchlings, 1992 (seinem Todesjahr) eine Comenius-Statue. Ausgerechnet die Armeen beider L\u00e4nder hatten den Transport der tonnenschweren Bronzeskulptur des zutiefst pazifistischen Gelehrten aus Tschechien an ihren Standort im Comenius-Garten \u00fcbernommen. Der K\u00fcnstler verlieh &hellip; <a href=\"https:\/\/stadt-adventskalender.de\/rixdorf\/16-2\/\" class=\"more-link\"><span class=\"screen-reader-text\">16<\/span> weiterlesen<\/a><\/p>\n","protected":false},"author":1,"featured_media":0,"comment_status":"closed","ping_status":"open","sticky":false,"template":"","format":"standard","meta":{"footnotes":""},"categories":[4],"tags":[],"class_list":["post-330","post","type-post","status-publish","format-standard","hentry","category-alle-offenen-turchen"],"translation":{"provider":"WPGlobus","version":"3.0.0","language":"de","enabled_languages":["de","en","cs"],"languages":{"de":{"title":true,"content":true,"excerpt":false},"en":{"title":true,"content":true,"excerpt":false},"cs":{"title":true,"content":true,"excerpt":false}}},"publishpress_future_action":{"enabled":false,"date":"2026-05-08 18:06:17","action":"change-status","newStatus":"draft","terms":[],"taxonomy":"category","extraData":[]},"publishpress_future_workflow_manual_trigger":{"enabledWorkflows":[]},"_links":{"self":[{"href":"https:\/\/stadt-adventskalender.de\/rixdorf\/wp-json\/wp\/v2\/posts\/330","targetHints":{"allow":["GET"]}}],"collection":[{"href":"https:\/\/stadt-adventskalender.de\/rixdorf\/wp-json\/wp\/v2\/posts"}],"about":[{"href":"https:\/\/stadt-adventskalender.de\/rixdorf\/wp-json\/wp\/v2\/types\/post"}],"author":[{"embeddable":true,"href":"https:\/\/stadt-adventskalender.de\/rixdorf\/wp-json\/wp\/v2\/users\/1"}],"replies":[{"embeddable":true,"href":"https:\/\/stadt-adventskalender.de\/rixdorf\/wp-json\/wp\/v2\/comments?post=330"}],"version-history":[{"count":5,"href":"https:\/\/stadt-adventskalender.de\/rixdorf\/wp-json\/wp\/v2\/posts\/330\/revisions"}],"predecessor-version":[{"id":609,"href":"https:\/\/stadt-adventskalender.de\/rixdorf\/wp-json\/wp\/v2\/posts\/330\/revisions\/609"}],"wp:attachment":[{"href":"https:\/\/stadt-adventskalender.de\/rixdorf\/wp-json\/wp\/v2\/media?parent=330"}],"wp:term":[{"taxonomy":"category","embeddable":true,"href":"https:\/\/stadt-adventskalender.de\/rixdorf\/wp-json\/wp\/v2\/categories?post=330"},{"taxonomy":"post_tag","embeddable":true,"href":"https:\/\/stadt-adventskalender.de\/rixdorf\/wp-json\/wp\/v2\/tags?post=330"}],"curies":[{"name":"wp","href":"https:\/\/api.w.org\/{rel}","templated":true}]}}