{"id":326,"date":"2025-12-15T00:00:00","date_gmt":"2025-12-14T23:00:00","guid":{"rendered":"http:\/\/stadt-adventskalender.de\/rixdorf\/?p=326"},"modified":"2025-11-06T21:35:27","modified_gmt":"2025-11-06T20:35:27","slug":"15-2","status":"publish","type":"post","link":"https:\/\/stadt-adventskalender.de\/rixdorf\/15-2\/","title":{"rendered":"15"},"content":{"rendered":"<h1>15<img loading=\"lazy\" decoding=\"async\" class=\"alignnone wp-image-92 size-full\" src=\"https:\/\/stadt-adventskalender.de\/rixdorf\/wp-content\/uploads\/sites\/14\/2019\/11\/15.png\" alt=\"\" width=\"300\" height=\"300\" srcset=\"https:\/\/stadt-adventskalender.de\/rixdorf\/wp-content\/uploads\/sites\/14\/2019\/11\/15.png 300w, https:\/\/stadt-adventskalender.de\/rixdorf\/wp-content\/uploads\/sites\/14\/2019\/11\/15-150x150.png 150w\" sizes=\"auto, (max-width: 300px) 100vw, 300px\" \/><\/h1>\n<h4>Sch\u00f6nes sch\u00f6ne Schimmel<\/h4>\n<p>Bis zum 2. Oktober 2019 zogen Pferde die Kutschen von \u201eKutschen-Sch\u00f6ne\u201c durch die Neuk\u00f6llner Stra\u00dfen. Aus Ihrem Winterquartier in der L\u00fcneburger Heide kehrten die Tiere seither nicht mehr zur\u00fcck. Die gesetzlichen Bestimmungen f\u00fcr Pferdekutschen wurden so versch\u00e4rft, dass der Pferdefuhrbetrieb nun nicht mehr m\u00f6glich ist.<br \/>\n1910 besa\u00df der Fuhrunternehmer Gustav Sch\u00f6ne acht Pferde. 20 Jahre sp\u00e4ter verrichten schon 100 Pferde ihren Dienst. Sie transportieren M\u00fcll, Post, Verstorbene und frische Ehepaare. Dank voller Auftragsb\u00fccher konnte der Betrieb 1927 das erste Auto anschaffen, die Pferde aber blieben.<br \/>\nAus der Anfangszeit des Unternehmens stammt die Wetterfahne auf dem Dach des Hauses am Richardplatz.<\/p>\n","protected":false},"excerpt":{"rendered":"<p>15 Sch\u00f6nes sch\u00f6ne Schimmel Bis zum 2. Oktober 2019 zogen Pferde die Kutschen von \u201eKutschen-Sch\u00f6ne\u201c durch die Neuk\u00f6llner Stra\u00dfen. Aus Ihrem Winterquartier in der L\u00fcneburger Heide kehrten die Tiere seither nicht mehr zur\u00fcck. Die gesetzlichen Bestimmungen f\u00fcr Pferdekutschen wurden so versch\u00e4rft, dass der Pferdefuhrbetrieb nun nicht mehr m\u00f6glich ist. 1910 besa\u00df der Fuhrunternehmer Gustav Sch\u00f6ne &hellip; <a href=\"https:\/\/stadt-adventskalender.de\/rixdorf\/15-2\/\" class=\"more-link\"><span class=\"screen-reader-text\">15<\/span> weiterlesen<\/a><\/p>\n","protected":false},"author":1,"featured_media":0,"comment_status":"closed","ping_status":"open","sticky":false,"template":"","format":"standard","meta":{"footnotes":""},"categories":[4],"tags":[],"class_list":["post-326","post","type-post","status-publish","format-standard","hentry","category-alle-offenen-turchen"],"translation":{"provider":"WPGlobus","version":"3.0.0","language":"de","enabled_languages":["de","en","cs"],"languages":{"de":{"title":true,"content":true,"excerpt":false},"en":{"title":true,"content":true,"excerpt":false},"cs":{"title":true,"content":true,"excerpt":false}}},"publishpress_future_action":{"enabled":false,"date":"2026-05-08 18:06:18","action":"change-status","newStatus":"draft","terms":[],"taxonomy":"category","extraData":[]},"publishpress_future_workflow_manual_trigger":{"enabledWorkflows":[]},"_links":{"self":[{"href":"https:\/\/stadt-adventskalender.de\/rixdorf\/wp-json\/wp\/v2\/posts\/326","targetHints":{"allow":["GET"]}}],"collection":[{"href":"https:\/\/stadt-adventskalender.de\/rixdorf\/wp-json\/wp\/v2\/posts"}],"about":[{"href":"https:\/\/stadt-adventskalender.de\/rixdorf\/wp-json\/wp\/v2\/types\/post"}],"author":[{"embeddable":true,"href":"https:\/\/stadt-adventskalender.de\/rixdorf\/wp-json\/wp\/v2\/users\/1"}],"replies":[{"embeddable":true,"href":"https:\/\/stadt-adventskalender.de\/rixdorf\/wp-json\/wp\/v2\/comments?post=326"}],"version-history":[{"count":4,"href":"https:\/\/stadt-adventskalender.de\/rixdorf\/wp-json\/wp\/v2\/posts\/326\/revisions"}],"predecessor-version":[{"id":611,"href":"https:\/\/stadt-adventskalender.de\/rixdorf\/wp-json\/wp\/v2\/posts\/326\/revisions\/611"}],"wp:attachment":[{"href":"https:\/\/stadt-adventskalender.de\/rixdorf\/wp-json\/wp\/v2\/media?parent=326"}],"wp:term":[{"taxonomy":"category","embeddable":true,"href":"https:\/\/stadt-adventskalender.de\/rixdorf\/wp-json\/wp\/v2\/categories?post=326"},{"taxonomy":"post_tag","embeddable":true,"href":"https:\/\/stadt-adventskalender.de\/rixdorf\/wp-json\/wp\/v2\/tags?post=326"}],"curies":[{"name":"wp","href":"https:\/\/api.w.org\/{rel}","templated":true}]}}