{"id":241,"date":"2025-12-04T00:00:00","date_gmt":"2025-12-03T23:00:00","guid":{"rendered":"http:\/\/stadt-adventskalender.de\/rixdorf\/?p=241"},"modified":"2025-11-06T21:36:38","modified_gmt":"2025-11-06T20:36:38","slug":"04-2","status":"publish","type":"post","link":"https:\/\/stadt-adventskalender.de\/rixdorf\/04-2\/","title":{"rendered":"04"},"content":{"rendered":"<h1>4<img loading=\"lazy\" decoding=\"async\" class=\"alignnone wp-image-81 size-full\" src=\"https:\/\/stadt-adventskalender.de\/rixdorf\/wp-content\/uploads\/sites\/14\/2019\/11\/04.png\" alt=\"\" width=\"300\" height=\"300\" srcset=\"https:\/\/stadt-adventskalender.de\/rixdorf\/wp-content\/uploads\/sites\/14\/2019\/11\/04.png 300w, https:\/\/stadt-adventskalender.de\/rixdorf\/wp-content\/uploads\/sites\/14\/2019\/11\/04-150x150.png 150w\" sizes=\"auto, (max-width: 300px) 100vw, 300px\" \/><\/h1>\n<h4>M\u00fchlen auf Wanderschaft<\/h4>\n<p>Die marode Neonreklame der Musikalienhandlung Bading an der Karl-Marx Stra\u00dfe erinnert an einen unermesslichen Verlust. Durch Feuerwerksk\u00f6rper wurde das mit viel Liebe gef\u00fchrte traditionsreiche Musikhaus Silvester 2017 im Innern v\u00f6llig zerst\u00f6rt. Mit Musik hatten die Badings zu Beginn nichts zu tun; als Windm\u00fcller gelangte Joachim Friedrich Bading 1743 nach Rixdorf. Er kaufte dort die Deutsche M\u00fchle, die er bisher in Pacht hatte, und das zugeh\u00f6rige M\u00fcllerh\u00e4uschen am Richardplatz. 1771 \u00fcbernahm Bading auch die B\u00f6hmische M\u00fchle, die er abbauen und neben seiner deutsche M\u00fchle aufstellen lie\u00df. Seit Ende des 19. Jahrhunderts dreht sich die B\u00f6hmische M\u00fchle in J\u00fcterbog.<\/p>\n","protected":false},"excerpt":{"rendered":"<p>4 M\u00fchlen auf Wanderschaft Die marode Neonreklame der Musikalienhandlung Bading an der Karl-Marx Stra\u00dfe erinnert an einen unermesslichen Verlust. Durch Feuerwerksk\u00f6rper wurde das mit viel Liebe gef\u00fchrte traditionsreiche Musikhaus Silvester 2017 im Innern v\u00f6llig zerst\u00f6rt. Mit Musik hatten die Badings zu Beginn nichts zu tun; als Windm\u00fcller gelangte Joachim Friedrich Bading 1743 nach Rixdorf. Er &hellip; <a href=\"https:\/\/stadt-adventskalender.de\/rixdorf\/04-2\/\" class=\"more-link\"><span class=\"screen-reader-text\">04<\/span> weiterlesen<\/a><\/p>\n","protected":false},"author":1,"featured_media":0,"comment_status":"closed","ping_status":"open","sticky":false,"template":"","format":"standard","meta":{"footnotes":""},"categories":[4],"tags":[],"class_list":["post-241","post","type-post","status-publish","format-standard","hentry","category-alle-offenen-turchen"],"translation":{"provider":"WPGlobus","version":"3.0.0","language":"de","enabled_languages":["de","en","cs"],"languages":{"de":{"title":true,"content":true,"excerpt":false},"en":{"title":true,"content":true,"excerpt":false},"cs":{"title":true,"content":true,"excerpt":false}}},"publishpress_future_action":{"enabled":false,"date":"2026-05-08 17:59:31","action":"change-status","newStatus":"draft","terms":[],"taxonomy":"category","extraData":[]},"publishpress_future_workflow_manual_trigger":{"enabledWorkflows":[]},"_links":{"self":[{"href":"https:\/\/stadt-adventskalender.de\/rixdorf\/wp-json\/wp\/v2\/posts\/241","targetHints":{"allow":["GET"]}}],"collection":[{"href":"https:\/\/stadt-adventskalender.de\/rixdorf\/wp-json\/wp\/v2\/posts"}],"about":[{"href":"https:\/\/stadt-adventskalender.de\/rixdorf\/wp-json\/wp\/v2\/types\/post"}],"author":[{"embeddable":true,"href":"https:\/\/stadt-adventskalender.de\/rixdorf\/wp-json\/wp\/v2\/users\/1"}],"replies":[{"embeddable":true,"href":"https:\/\/stadt-adventskalender.de\/rixdorf\/wp-json\/wp\/v2\/comments?post=241"}],"version-history":[{"count":4,"href":"https:\/\/stadt-adventskalender.de\/rixdorf\/wp-json\/wp\/v2\/posts\/241\/revisions"}],"predecessor-version":[{"id":435,"href":"https:\/\/stadt-adventskalender.de\/rixdorf\/wp-json\/wp\/v2\/posts\/241\/revisions\/435"}],"wp:attachment":[{"href":"https:\/\/stadt-adventskalender.de\/rixdorf\/wp-json\/wp\/v2\/media?parent=241"}],"wp:term":[{"taxonomy":"category","embeddable":true,"href":"https:\/\/stadt-adventskalender.de\/rixdorf\/wp-json\/wp\/v2\/categories?post=241"},{"taxonomy":"post_tag","embeddable":true,"href":"https:\/\/stadt-adventskalender.de\/rixdorf\/wp-json\/wp\/v2\/tags?post=241"}],"curies":[{"name":"wp","href":"https:\/\/api.w.org\/{rel}","templated":true}]}}