{"id":162,"date":"2025-12-18T00:00:00","date_gmt":"2025-12-17T23:00:00","guid":{"rendered":"http:\/\/stadt-adventskalender.de\/rixdorf\/?p=162"},"modified":"2025-11-06T21:35:05","modified_gmt":"2025-11-06T20:35:05","slug":"18-2","status":"publish","type":"post","link":"https:\/\/stadt-adventskalender.de\/rixdorf\/18-2\/","title":{"rendered":"18"},"content":{"rendered":"<h1>18<img loading=\"lazy\" decoding=\"async\" class=\"alignnone wp-image-33 size-full\" src=\"https:\/\/stadt-adventskalender.de\/rixdorf\/wp-content\/uploads\/sites\/14\/2019\/09\/18.png\" alt=\"\" width=\"300\" height=\"300\" srcset=\"https:\/\/stadt-adventskalender.de\/rixdorf\/wp-content\/uploads\/sites\/14\/2019\/09\/18.png 300w, https:\/\/stadt-adventskalender.de\/rixdorf\/wp-content\/uploads\/sites\/14\/2019\/09\/18-150x150.png 150w\" sizes=\"auto, (max-width: 300px) 100vw, 300px\" \/><\/h1>\n<h4>Wappenkunde<\/h4>\n<p>Der hussitische Kelch taucht in Rixdorf an vielen Orten auf: im modernen Kirchsaal, am alten Schulhaus, in der Bethlehemskirche am Richardplatz \u2013 und sogar im Wappen Neuk\u00f6llns. Er steht symbolisch f\u00fcr die b\u00f6hmischen Kolonisten. Doch warum? Aus Glaubensgr\u00fcnden waren die B\u00f6hmen nach Rixdorf gekommen. Sich zu den Forderungen des b\u00f6hmischen Reformators Jan Huss bekennend, forderten sie die Gleichheit aller Gl\u00e4ubigen, wozu ganz besonders das Abendmahl geh\u00f6rte. Jeder sollte gleichberechtigt am Mahl mit Brot und Wein teilhaben. Bei den Katholiken war der Wein ausschlie\u00dflich den Geistlichen vorbehalten.<\/p>\n","protected":false},"excerpt":{"rendered":"<p>18 Wappenkunde Der hussitische Kelch taucht in Rixdorf an vielen Orten auf: im modernen Kirchsaal, am alten Schulhaus, in der Bethlehemskirche am Richardplatz \u2013 und sogar im Wappen Neuk\u00f6llns. Er steht symbolisch f\u00fcr die b\u00f6hmischen Kolonisten. Doch warum? Aus Glaubensgr\u00fcnden waren die B\u00f6hmen nach Rixdorf gekommen. Sich zu den Forderungen des b\u00f6hmischen Reformators Jan Huss &hellip; <a href=\"https:\/\/stadt-adventskalender.de\/rixdorf\/18-2\/\" class=\"more-link\"><span class=\"screen-reader-text\">18<\/span> weiterlesen<\/a><\/p>\n","protected":false},"author":1,"featured_media":0,"comment_status":"closed","ping_status":"open","sticky":false,"template":"","format":"standard","meta":{"footnotes":""},"categories":[4],"tags":[],"class_list":["post-162","post","type-post","status-publish","format-standard","hentry","category-alle-offenen-turchen"],"translation":{"provider":"WPGlobus","version":"3.0.0","language":"de","enabled_languages":["de","en","cs"],"languages":{"de":{"title":true,"content":true,"excerpt":false},"en":{"title":true,"content":true,"excerpt":false},"cs":{"title":true,"content":true,"excerpt":false}}},"publishpress_future_action":{"enabled":false,"date":"2026-05-08 15:52:54","action":"change-status","newStatus":"draft","terms":[],"taxonomy":"category","extraData":[]},"publishpress_future_workflow_manual_trigger":{"enabledWorkflows":[]},"_links":{"self":[{"href":"https:\/\/stadt-adventskalender.de\/rixdorf\/wp-json\/wp\/v2\/posts\/162","targetHints":{"allow":["GET"]}}],"collection":[{"href":"https:\/\/stadt-adventskalender.de\/rixdorf\/wp-json\/wp\/v2\/posts"}],"about":[{"href":"https:\/\/stadt-adventskalender.de\/rixdorf\/wp-json\/wp\/v2\/types\/post"}],"author":[{"embeddable":true,"href":"https:\/\/stadt-adventskalender.de\/rixdorf\/wp-json\/wp\/v2\/users\/1"}],"replies":[{"embeddable":true,"href":"https:\/\/stadt-adventskalender.de\/rixdorf\/wp-json\/wp\/v2\/comments?post=162"}],"version-history":[{"count":6,"href":"https:\/\/stadt-adventskalender.de\/rixdorf\/wp-json\/wp\/v2\/posts\/162\/revisions"}],"predecessor-version":[{"id":604,"href":"https:\/\/stadt-adventskalender.de\/rixdorf\/wp-json\/wp\/v2\/posts\/162\/revisions\/604"}],"wp:attachment":[{"href":"https:\/\/stadt-adventskalender.de\/rixdorf\/wp-json\/wp\/v2\/media?parent=162"}],"wp:term":[{"taxonomy":"category","embeddable":true,"href":"https:\/\/stadt-adventskalender.de\/rixdorf\/wp-json\/wp\/v2\/categories?post=162"},{"taxonomy":"post_tag","embeddable":true,"href":"https:\/\/stadt-adventskalender.de\/rixdorf\/wp-json\/wp\/v2\/tags?post=162"}],"curies":[{"name":"wp","href":"https:\/\/api.w.org\/{rel}","templated":true}]}}