{"id":253,"date":"2025-12-09T00:00:00","date_gmt":"2025-12-08T23:00:00","guid":{"rendered":"http:\/\/stadt-adventskalender.de\/rixdorf\/?p=253"},"modified":"2025-11-06T21:36:05","modified_gmt":"2025-11-06T20:36:05","slug":"09-2","status":"publish","type":"post","link":"https:\/\/stadt-adventskalender.de\/rixdorf\/en\/09-2\/","title":{"rendered":"09"},"content":{"rendered":"<h1>9<img loading=\"lazy\" decoding=\"async\" class=\"alignnone wp-image-86 size-full\" src=\"https:\/\/stadt-adventskalender.de\/rixdorf\/wp-content\/uploads\/sites\/14\/2019\/11\/09.png\" alt=\"\" width=\"300\" height=\"300\" srcset=\"https:\/\/stadt-adventskalender.de\/rixdorf\/wp-content\/uploads\/sites\/14\/2019\/11\/09.png 300w, https:\/\/stadt-adventskalender.de\/rixdorf\/wp-content\/uploads\/sites\/14\/2019\/11\/09-150x150.png 150w\" sizes=\"auto, (max-width: 300px) 100vw, 300px\" \/><\/h1>\n<h4>Schwein gehabt<\/h4>\n<p>Anfangs der 80iger Jahre herrschte Kahlschlagpolitik in Westberlin, auch vier besetzte H\u00e4user in Neuk\u00f6lln sollten abgerissen werden, darunter eines am Richardplatz, das man heute an einem geschmiedeten Zaun samt Schwein erkennt. F\u00fcr die Hausbesetzer verhandelte Pfarrer Sch\u00f6nleber von der Herrnhuter Gemeine erfolgreich mit dem Berliner Senat und erwirkte f\u00fcr alle g\u00fcltige Mietvertr\u00e4ge. Als der Gemeine zu einem internationalen Chortreffen Unterbringungen fehlten, konnten sich die ehemaligen Besetzer revanchieren. Eigens f\u00fcr den Chor aus Suriname renovierten sie drei extra R\u00e4ume ihres Hauses, die S\u00e4nger waren begeistert.<\/p>\n","protected":false},"excerpt":{"rendered":"<p>9 Schwein gehabt Anfangs der 80iger Jahre herrschte Kahlschlagpolitik in Westberlin, auch vier besetzte H\u00e4user in Neuk\u00f6lln sollten abgerissen werden, darunter eines am Richardplatz, das man heute an einem geschmiedeten Zaun samt Schwein erkennt. F\u00fcr die Hausbesetzer verhandelte Pfarrer Sch\u00f6nleber von der Herrnhuter Gemeine erfolgreich mit dem Berliner Senat und erwirkte f\u00fcr alle g\u00fcltige Mietvertr\u00e4ge. &hellip; <a href=\"https:\/\/stadt-adventskalender.de\/rixdorf\/en\/09-2\/\" class=\"more-link\">Continue reading <span class=\"screen-reader-text\">09<\/span><\/a><\/p>\n","protected":false},"author":1,"featured_media":0,"comment_status":"closed","ping_status":"open","sticky":false,"template":"","format":"standard","meta":{"footnotes":""},"categories":[4],"tags":[],"class_list":["post-253","post","type-post","status-publish","format-standard","hentry","category-alle-offenen-turchen"],"translation":{"provider":"WPGlobus","version":"3.0.0","language":"en","enabled_languages":["de","en","cs"],"languages":{"de":{"title":true,"content":true,"excerpt":false},"en":{"title":true,"content":true,"excerpt":false},"cs":{"title":true,"content":true,"excerpt":false}}},"publishpress_future_action":{"enabled":false,"date":"2026-05-08 18:20:02","action":"change-status","newStatus":"draft","terms":[],"taxonomy":"category","extraData":[]},"publishpress_future_workflow_manual_trigger":{"enabledWorkflows":[]},"_links":{"self":[{"href":"https:\/\/stadt-adventskalender.de\/rixdorf\/en\/wp-json\/wp\/v2\/posts\/253","targetHints":{"allow":["GET"]}}],"collection":[{"href":"https:\/\/stadt-adventskalender.de\/rixdorf\/en\/wp-json\/wp\/v2\/posts"}],"about":[{"href":"https:\/\/stadt-adventskalender.de\/rixdorf\/en\/wp-json\/wp\/v2\/types\/post"}],"author":[{"embeddable":true,"href":"https:\/\/stadt-adventskalender.de\/rixdorf\/en\/wp-json\/wp\/v2\/users\/1"}],"replies":[{"embeddable":true,"href":"https:\/\/stadt-adventskalender.de\/rixdorf\/en\/wp-json\/wp\/v2\/comments?post=253"}],"version-history":[{"count":4,"href":"https:\/\/stadt-adventskalender.de\/rixdorf\/en\/wp-json\/wp\/v2\/posts\/253\/revisions"}],"predecessor-version":[{"id":662,"href":"https:\/\/stadt-adventskalender.de\/rixdorf\/en\/wp-json\/wp\/v2\/posts\/253\/revisions\/662"}],"wp:attachment":[{"href":"https:\/\/stadt-adventskalender.de\/rixdorf\/en\/wp-json\/wp\/v2\/media?parent=253"}],"wp:term":[{"taxonomy":"category","embeddable":true,"href":"https:\/\/stadt-adventskalender.de\/rixdorf\/en\/wp-json\/wp\/v2\/categories?post=253"},{"taxonomy":"post_tag","embeddable":true,"href":"https:\/\/stadt-adventskalender.de\/rixdorf\/en\/wp-json\/wp\/v2\/tags?post=253"}],"curies":[{"name":"wp","href":"https:\/\/api.w.org\/{rel}","templated":true}]}}