{"id":75,"date":"2025-12-01T00:00:00","date_gmt":"2025-12-01T00:00:00","guid":{"rendered":"http:\/\/stadt-adventskalender.de\/rixdorf\/?p=75"},"modified":"2025-11-06T21:33:44","modified_gmt":"2025-11-06T20:33:44","slug":"01-2","status":"publish","type":"post","link":"https:\/\/stadt-adventskalender.de\/rixdorf\/cs\/01-2\/","title":{"rendered":"01"},"content":{"rendered":"<h1>1<img loading=\"lazy\" decoding=\"async\" class=\"alignnone size-full wp-image-16\" src=\"https:\/\/stadt-adventskalender.de\/rixdorf\/wp-content\/uploads\/sites\/14\/2019\/09\/01.png\" alt=\"\" width=\"300\" height=\"300\" srcset=\"https:\/\/stadt-adventskalender.de\/rixdorf\/wp-content\/uploads\/sites\/14\/2019\/09\/01.png 300w, https:\/\/stadt-adventskalender.de\/rixdorf\/wp-content\/uploads\/sites\/14\/2019\/09\/01-150x150.png 150w\" sizes=\"auto, (max-width: 300px) 100vw, 300px\" \/><\/h1>\n<h4>P\u011bt set kilometr\u016f do Rixdorfu<\/h4>\n<p>V roce 1987 byla na pam\u00e1tku 250. v\u00fdro\u010d\u00ed p\u0159\u00edchodu \u010cech\u016f do Rixdorfu vyd\u00e1na speci\u00e1ln\u00ed po\u0161tovn\u00ed zn\u00e1mka. Je na n\u00ed reli\u00e9f, kter\u00fd se nach\u00e1z\u00ed na pomn\u00edku kr\u00e1le Fridricha Vil\u00e9ma I., zobrazuj\u00edc\u00ed \u010cechy na \u00fat\u011bku do Rixdorfu. Modelem pro um\u011blce, ztv\u00e1r\u0148uj\u00edc\u00edho toto um\u011bleck\u00e9 d\u00edlo, st\u00e1li potomci pr\u00e1v\u011b t\u011bchto \u010cech\u016f. Uprost\u0159ed reli\u00e9fu je zn\u00e1zorn\u011bn Ji\u0159\u00ed Motl, kter\u00fd byl kv\u016fli vlastnictv\u00ed zak\u00e1zan\u00e9 Bible Kralick\u00e9 v \u010de\u0161tin\u011b zav\u0159en do v\u011bzen\u00ed, poda\u0159ilo se mu ale uprchnout. Ji\u0159\u00ed Motl do\u0161el b\u011bhem 14 dn\u00ed z Horn\u00ed \u010cermn\u00e9 do Rixdorfu, ani\u017e by si ud\u011blal jedinou p\u0159est\u00e1vku.<\/p>\n","protected":false},"excerpt":{"rendered":"<p>1 P\u011bt set kilometr\u016f do Rixdorfu V roce 1987 byla na pam\u00e1tku 250. v\u00fdro\u010d\u00ed p\u0159\u00edchodu \u010cech\u016f do Rixdorfu vyd\u00e1na speci\u00e1ln\u00ed po\u0161tovn\u00ed zn\u00e1mka. Je na n\u00ed reli\u00e9f, kter\u00fd se nach\u00e1z\u00ed na pomn\u00edku kr\u00e1le Fridricha Vil\u00e9ma I., zobrazuj\u00edc\u00ed \u010cechy na \u00fat\u011bku do Rixdorfu. Modelem pro um\u011blce, ztv\u00e1r\u0148uj\u00edc\u00edho toto um\u011bleck\u00e9 d\u00edlo, st\u00e1li potomci pr\u00e1v\u011b t\u011bchto \u010cech\u016f. Uprost\u0159ed reli\u00e9fu &hellip; <a href=\"https:\/\/stadt-adventskalender.de\/rixdorf\/cs\/01-2\/\" class=\"more-link\"><span class=\"screen-reader-text\">01<\/span> weiterlesen<\/a><\/p>\n","protected":false},"author":1,"featured_media":0,"comment_status":"closed","ping_status":"open","sticky":false,"template":"","format":"standard","meta":{"footnotes":""},"categories":[4],"tags":[],"class_list":["post-75","post","type-post","status-publish","format-standard","hentry","category-alle-offenen-turchen"],"translation":{"provider":"WPGlobus","version":"3.0.0","language":"cs","enabled_languages":["de","en","cs"],"languages":{"de":{"title":true,"content":true,"excerpt":false},"en":{"title":true,"content":true,"excerpt":false},"cs":{"title":true,"content":true,"excerpt":false}}},"publishpress_future_action":{"enabled":false,"date":"2026-05-08 18:50:09","action":"change-status","newStatus":"draft","terms":[],"taxonomy":"category","extraData":[]},"publishpress_future_workflow_manual_trigger":{"enabledWorkflows":[]},"_links":{"self":[{"href":"https:\/\/stadt-adventskalender.de\/rixdorf\/cs\/wp-json\/wp\/v2\/posts\/75","targetHints":{"allow":["GET"]}}],"collection":[{"href":"https:\/\/stadt-adventskalender.de\/rixdorf\/cs\/wp-json\/wp\/v2\/posts"}],"about":[{"href":"https:\/\/stadt-adventskalender.de\/rixdorf\/cs\/wp-json\/wp\/v2\/types\/post"}],"author":[{"embeddable":true,"href":"https:\/\/stadt-adventskalender.de\/rixdorf\/cs\/wp-json\/wp\/v2\/users\/1"}],"replies":[{"embeddable":true,"href":"https:\/\/stadt-adventskalender.de\/rixdorf\/cs\/wp-json\/wp\/v2\/comments?post=75"}],"version-history":[{"count":9,"href":"https:\/\/stadt-adventskalender.de\/rixdorf\/cs\/wp-json\/wp\/v2\/posts\/75\/revisions"}],"predecessor-version":[{"id":427,"href":"https:\/\/stadt-adventskalender.de\/rixdorf\/cs\/wp-json\/wp\/v2\/posts\/75\/revisions\/427"}],"wp:attachment":[{"href":"https:\/\/stadt-adventskalender.de\/rixdorf\/cs\/wp-json\/wp\/v2\/media?parent=75"}],"wp:term":[{"taxonomy":"category","embeddable":true,"href":"https:\/\/stadt-adventskalender.de\/rixdorf\/cs\/wp-json\/wp\/v2\/categories?post=75"},{"taxonomy":"post_tag","embeddable":true,"href":"https:\/\/stadt-adventskalender.de\/rixdorf\/cs\/wp-json\/wp\/v2\/tags?post=75"}],"curies":[{"name":"wp","href":"https:\/\/api.w.org\/{rel}","templated":true}]}}