{"id":364,"date":"2025-12-23T00:00:00","date_gmt":"2025-12-22T23:00:00","guid":{"rendered":"http:\/\/stadt-adventskalender.de\/rixdorf\/?p=364"},"modified":"2025-11-06T21:34:26","modified_gmt":"2025-11-06T20:34:26","slug":"23-2","status":"publish","type":"post","link":"https:\/\/stadt-adventskalender.de\/rixdorf\/cs\/23-2\/","title":{"rendered":"23"},"content":{"rendered":"<h1>23<img loading=\"lazy\" decoding=\"async\" class=\"alignnone wp-image-38 size-full\" src=\"https:\/\/stadt-adventskalender.de\/rixdorf\/wp-content\/uploads\/sites\/14\/2019\/09\/23.png\" alt=\"\" width=\"300\" height=\"300\" srcset=\"https:\/\/stadt-adventskalender.de\/rixdorf\/wp-content\/uploads\/sites\/14\/2019\/09\/23.png 300w, https:\/\/stadt-adventskalender.de\/rixdorf\/wp-content\/uploads\/sites\/14\/2019\/09\/23-150x150.png 150w\" sizes=\"auto, (max-width: 300px) 100vw, 300px\" \/><\/h1>\n<h4>Jsem sv\u011btlem sv\u011bta<\/h4>\n<p>\u010clenky Jednoty bratrsk\u00e9 se v dob\u011b adventu sch\u00e1z\u00ed k tradi\u010dn\u00edmu \u201e\u010di\u0161t\u011bn\u00ed sv\u011btel\u201c, b\u011bhem kter\u00e9ho spole\u010dn\u011b tvo\u0159\u00ed ozdobn\u00e9 sv\u00ed\u010dky na \u0160t\u011bdr\u00fd ve\u010der. Nebo\u0165 v\u0161echny d\u011bti dost\u00e1vaj\u00ed na konci v\u00e1no\u010dn\u00ed bohoslu\u017eby zap\u00e1lenou sv\u00ed\u010dku nazdobenou zelen\u00fdm pap\u00edrov\u00fdm obalem a vyn\u00e1\u0161\u00ed spolu s n\u00ed symbolicky sv\u011btlo do sv\u011bta. Je um\u011bn\u00edm don\u00e9st ho\u0159\u00edc\u00ed sv\u00ed\u010dku a\u017e dom\u016f. V Rixdorfu jsou obaly na sv\u00ed\u010dky zelen\u00e9, v Ochranov\u011b naproti tomu \u010derven\u00e9.<\/p>\n","protected":false},"excerpt":{"rendered":"<p>23 Jsem sv\u011btlem sv\u011bta \u010clenky Jednoty bratrsk\u00e9 se v dob\u011b adventu sch\u00e1z\u00ed k tradi\u010dn\u00edmu \u201e\u010di\u0161t\u011bn\u00ed sv\u011btel\u201c, b\u011bhem kter\u00e9ho spole\u010dn\u011b tvo\u0159\u00ed ozdobn\u00e9 sv\u00ed\u010dky na \u0160t\u011bdr\u00fd ve\u010der. Nebo\u0165 v\u0161echny d\u011bti dost\u00e1vaj\u00ed na konci v\u00e1no\u010dn\u00ed bohoslu\u017eby zap\u00e1lenou sv\u00ed\u010dku nazdobenou zelen\u00fdm pap\u00edrov\u00fdm obalem a vyn\u00e1\u0161\u00ed spolu s n\u00ed symbolicky sv\u011btlo do sv\u011bta. Je um\u011bn\u00edm don\u00e9st ho\u0159\u00edc\u00ed sv\u00ed\u010dku a\u017e dom\u016f. &hellip; <a href=\"https:\/\/stadt-adventskalender.de\/rixdorf\/cs\/23-2\/\" class=\"more-link\"><span class=\"screen-reader-text\">23<\/span> weiterlesen<\/a><\/p>\n","protected":false},"author":1,"featured_media":0,"comment_status":"closed","ping_status":"open","sticky":false,"template":"","format":"standard","meta":{"footnotes":""},"categories":[4],"tags":[],"class_list":["post-364","post","type-post","status-publish","format-standard","hentry","category-alle-offenen-turchen"],"translation":{"provider":"WPGlobus","version":"3.0.0","language":"cs","enabled_languages":["de","en","cs"],"languages":{"de":{"title":true,"content":true,"excerpt":false},"en":{"title":true,"content":true,"excerpt":false},"cs":{"title":true,"content":true,"excerpt":false}}},"publishpress_future_action":{"enabled":false,"date":"2026-05-08 18:51:04","action":"change-status","newStatus":"draft","terms":[],"taxonomy":"category","extraData":[]},"publishpress_future_workflow_manual_trigger":{"enabledWorkflows":[]},"_links":{"self":[{"href":"https:\/\/stadt-adventskalender.de\/rixdorf\/cs\/wp-json\/wp\/v2\/posts\/364","targetHints":{"allow":["GET"]}}],"collection":[{"href":"https:\/\/stadt-adventskalender.de\/rixdorf\/cs\/wp-json\/wp\/v2\/posts"}],"about":[{"href":"https:\/\/stadt-adventskalender.de\/rixdorf\/cs\/wp-json\/wp\/v2\/types\/post"}],"author":[{"embeddable":true,"href":"https:\/\/stadt-adventskalender.de\/rixdorf\/cs\/wp-json\/wp\/v2\/users\/1"}],"replies":[{"embeddable":true,"href":"https:\/\/stadt-adventskalender.de\/rixdorf\/cs\/wp-json\/wp\/v2\/comments?post=364"}],"version-history":[{"count":6,"href":"https:\/\/stadt-adventskalender.de\/rixdorf\/cs\/wp-json\/wp\/v2\/posts\/364\/revisions"}],"predecessor-version":[{"id":597,"href":"https:\/\/stadt-adventskalender.de\/rixdorf\/cs\/wp-json\/wp\/v2\/posts\/364\/revisions\/597"}],"wp:attachment":[{"href":"https:\/\/stadt-adventskalender.de\/rixdorf\/cs\/wp-json\/wp\/v2\/media?parent=364"}],"wp:term":[{"taxonomy":"category","embeddable":true,"href":"https:\/\/stadt-adventskalender.de\/rixdorf\/cs\/wp-json\/wp\/v2\/categories?post=364"},{"taxonomy":"post_tag","embeddable":true,"href":"https:\/\/stadt-adventskalender.de\/rixdorf\/cs\/wp-json\/wp\/v2\/tags?post=364"}],"curies":[{"name":"wp","href":"https:\/\/api.w.org\/{rel}","templated":true}]}}