{"id":357,"date":"2025-12-22T00:00:00","date_gmt":"2025-12-21T23:00:00","guid":{"rendered":"http:\/\/stadt-adventskalender.de\/rixdorf\/?p=357"},"modified":"2025-11-06T21:34:34","modified_gmt":"2025-11-06T20:34:34","slug":"22-2","status":"publish","type":"post","link":"https:\/\/stadt-adventskalender.de\/rixdorf\/cs\/22-2\/","title":{"rendered":"22"},"content":{"rendered":"<h1>22<img loading=\"lazy\" decoding=\"async\" class=\"alignnone wp-image-37 size-full\" src=\"https:\/\/stadt-adventskalender.de\/rixdorf\/wp-content\/uploads\/sites\/14\/2019\/09\/22.png\" alt=\"\" width=\"300\" height=\"300\" srcset=\"https:\/\/stadt-adventskalender.de\/rixdorf\/wp-content\/uploads\/sites\/14\/2019\/09\/22.png 300w, https:\/\/stadt-adventskalender.de\/rixdorf\/wp-content\/uploads\/sites\/14\/2019\/09\/22-150x150.png 150w\" sizes=\"auto, (max-width: 300px) 100vw, 300px\" \/><\/h1>\n<h4>Bratrsk\u00e1 nauka o barv\u00e1ch<\/h4>\n<p>Star\u00e1 fotografie z roku 1949 zobrazuje \u017eeny Jednoty bratrsk\u00e9 v uli\u010dce Kirchgasse v jejich sv\u00e1te\u010dn\u00edm oble\u010den\u00ed. Pat\u0159\u00ed k n\u011bmu b\u00edl\u00fd p\u0159ehoz p\u0159es ramena s t\u0159\u00e1sn\u011bmi a \u010depec. T\u00e9to \u010dernob\u00edl\u00e9 momentce v\u0161ak unikl d\u016fle\u017eit\u00fd detail. Takzvan\u00e9 sborov\u00e9 stu\u017eky na \u010depc\u00edch m\u011bly r\u016fzn\u00e9 barvy. D\u011bti a svobodn\u00e9 \u017eeny nosily r\u016f\u017eov\u00e9 stu\u017eky, mlad\u00e9 d\u00edvky po konfirmaci \u010derven\u00e9, vdan\u00e9 \u017eeny modr\u00e9 a vdovy b\u00edl\u00e9 stu\u017eky. Tyto vybran\u00e9 pokr\u00fdvky hlavy nebyly \u0161it\u00e9, ale n\u00e1kladn\u011b navl\u00e9kan\u00e9 pomoc\u00ed jehel a uchov\u00e1van\u00e9 ve speci\u00e1ln\u00edch ko\u0161\u00edc\u00edch.<\/p>\n","protected":false},"excerpt":{"rendered":"<p>22 Bratrsk\u00e1 nauka o barv\u00e1ch Star\u00e1 fotografie z roku 1949 zobrazuje \u017eeny Jednoty bratrsk\u00e9 v uli\u010dce Kirchgasse v jejich sv\u00e1te\u010dn\u00edm oble\u010den\u00ed. Pat\u0159\u00ed k n\u011bmu b\u00edl\u00fd p\u0159ehoz p\u0159es ramena s t\u0159\u00e1sn\u011bmi a \u010depec. T\u00e9to \u010dernob\u00edl\u00e9 momentce v\u0161ak unikl d\u016fle\u017eit\u00fd detail. Takzvan\u00e9 sborov\u00e9 stu\u017eky na \u010depc\u00edch m\u011bly r\u016fzn\u00e9 barvy. D\u011bti a svobodn\u00e9 \u017eeny nosily r\u016f\u017eov\u00e9 stu\u017eky, mlad\u00e9 &hellip; <a href=\"https:\/\/stadt-adventskalender.de\/rixdorf\/cs\/22-2\/\" class=\"more-link\"><span class=\"screen-reader-text\">22<\/span> weiterlesen<\/a><\/p>\n","protected":false},"author":1,"featured_media":0,"comment_status":"closed","ping_status":"open","sticky":false,"template":"","format":"standard","meta":{"footnotes":""},"categories":[4],"tags":[],"class_list":["post-357","post","type-post","status-publish","format-standard","hentry","category-alle-offenen-turchen"],"translation":{"provider":"WPGlobus","version":"3.0.0","language":"cs","enabled_languages":["de","en","cs"],"languages":{"de":{"title":true,"content":true,"excerpt":false},"en":{"title":true,"content":true,"excerpt":false},"cs":{"title":true,"content":true,"excerpt":false}}},"publishpress_future_action":{"enabled":false,"date":"2026-05-08 18:50:55","action":"change-status","newStatus":"draft","terms":[],"taxonomy":"category","extraData":[]},"publishpress_future_workflow_manual_trigger":{"enabledWorkflows":[]},"_links":{"self":[{"href":"https:\/\/stadt-adventskalender.de\/rixdorf\/cs\/wp-json\/wp\/v2\/posts\/357","targetHints":{"allow":["GET"]}}],"collection":[{"href":"https:\/\/stadt-adventskalender.de\/rixdorf\/cs\/wp-json\/wp\/v2\/posts"}],"about":[{"href":"https:\/\/stadt-adventskalender.de\/rixdorf\/cs\/wp-json\/wp\/v2\/types\/post"}],"author":[{"embeddable":true,"href":"https:\/\/stadt-adventskalender.de\/rixdorf\/cs\/wp-json\/wp\/v2\/users\/1"}],"replies":[{"embeddable":true,"href":"https:\/\/stadt-adventskalender.de\/rixdorf\/cs\/wp-json\/wp\/v2\/comments?post=357"}],"version-history":[{"count":6,"href":"https:\/\/stadt-adventskalender.de\/rixdorf\/cs\/wp-json\/wp\/v2\/posts\/357\/revisions"}],"predecessor-version":[{"id":599,"href":"https:\/\/stadt-adventskalender.de\/rixdorf\/cs\/wp-json\/wp\/v2\/posts\/357\/revisions\/599"}],"wp:attachment":[{"href":"https:\/\/stadt-adventskalender.de\/rixdorf\/cs\/wp-json\/wp\/v2\/media?parent=357"}],"wp:term":[{"taxonomy":"category","embeddable":true,"href":"https:\/\/stadt-adventskalender.de\/rixdorf\/cs\/wp-json\/wp\/v2\/categories?post=357"},{"taxonomy":"post_tag","embeddable":true,"href":"https:\/\/stadt-adventskalender.de\/rixdorf\/cs\/wp-json\/wp\/v2\/tags?post=357"}],"curies":[{"name":"wp","href":"https:\/\/api.w.org\/{rel}","templated":true}]}}