{"id":353,"date":"2025-12-21T00:00:00","date_gmt":"2025-12-20T23:00:00","guid":{"rendered":"http:\/\/stadt-adventskalender.de\/rixdorf\/?p=353"},"modified":"2025-11-06T21:34:42","modified_gmt":"2025-11-06T20:34:42","slug":"21-2","status":"publish","type":"post","link":"https:\/\/stadt-adventskalender.de\/rixdorf\/cs\/21-2\/","title":{"rendered":"21"},"content":{"rendered":"<h1>21<img loading=\"lazy\" decoding=\"async\" class=\"alignnone wp-image-36 size-full\" src=\"https:\/\/stadt-adventskalender.de\/rixdorf\/wp-content\/uploads\/sites\/14\/2019\/09\/21.png\" alt=\"\" width=\"300\" height=\"300\" srcset=\"https:\/\/stadt-adventskalender.de\/rixdorf\/wp-content\/uploads\/sites\/14\/2019\/09\/21.png 300w, https:\/\/stadt-adventskalender.de\/rixdorf\/wp-content\/uploads\/sites\/14\/2019\/09\/21-150x150.png 150w\" sizes=\"auto, (max-width: 300px) 100vw, 300px\" \/><\/h1>\n<h4>S pozouny a trumpetami<\/h4>\n<p>Ze sv\u00e9 vlasti si \u010ce\u0161i p\u0159inesli l\u00e1sku k hudb\u011b, obzvl\u00e1\u0161\u0165 k dechov\u00e9 hudb\u011b. A tak nam\u00edsto zahradn\u00edch trpasl\u00edk\u016f stoj\u00ed na tr\u00e1vn\u00edku na dvo\u0159e Ulrich Krystka v uli\u010dce Kirchgasse pozouny a trumpety. Jedn\u00e1 se o star\u0161\u00ed, vy\u0159azen\u00e9 hudebn\u00ed n\u00e1stroje \u017ees\u0165ov\u00e9ho orchestru Ochranovsk\u00e9 jednoty bratrsk\u00e9. Jeho po\u010d\u00e1tky se datuj\u00ed a\u017e do roku 1744.<br \/>\n\u010clenov\u00e9 jednoty se na Hod Bo\u017e\u00ed velikono\u010dn\u00ed vyd\u00e1vaj\u00ed pod veden\u00edm \u017ees\u0165ov\u00e9ho orchestru p\u0159ed v\u00fdchodem slunce (v sou\u010dasnosti v\u0161ak teprve kolem 6.00 hod.) na h\u0159bitov, aby tam oslavili bohoslu\u017ebu a p\u0159ipomenuli si ty, kte\u0159\u00ed zem\u0159eli b\u011bhem uplynul\u00e9ho roku.<\/p>\n","protected":false},"excerpt":{"rendered":"<p>21 S pozouny a trumpetami Ze sv\u00e9 vlasti si \u010ce\u0161i p\u0159inesli l\u00e1sku k hudb\u011b, obzvl\u00e1\u0161\u0165 k dechov\u00e9 hudb\u011b. A tak nam\u00edsto zahradn\u00edch trpasl\u00edk\u016f stoj\u00ed na tr\u00e1vn\u00edku na dvo\u0159e Ulrich Krystka v uli\u010dce Kirchgasse pozouny a trumpety. Jedn\u00e1 se o star\u0161\u00ed, vy\u0159azen\u00e9 hudebn\u00ed n\u00e1stroje \u017ees\u0165ov\u00e9ho orchestru Ochranovsk\u00e9 jednoty bratrsk\u00e9. Jeho po\u010d\u00e1tky se datuj\u00ed a\u017e do roku &hellip; <a href=\"https:\/\/stadt-adventskalender.de\/rixdorf\/cs\/21-2\/\" class=\"more-link\"><span class=\"screen-reader-text\">21<\/span> weiterlesen<\/a><\/p>\n","protected":false},"author":1,"featured_media":0,"comment_status":"closed","ping_status":"open","sticky":false,"template":"","format":"standard","meta":{"footnotes":""},"categories":[4],"tags":[],"class_list":["post-353","post","type-post","status-publish","format-standard","hentry","category-alle-offenen-turchen"],"translation":{"provider":"WPGlobus","version":"3.0.0","language":"cs","enabled_languages":["de","en","cs"],"languages":{"de":{"title":true,"content":true,"excerpt":false},"en":{"title":true,"content":true,"excerpt":false},"cs":{"title":true,"content":true,"excerpt":false}}},"publishpress_future_action":{"enabled":false,"date":"2026-05-08 18:50:23","action":"change-status","newStatus":"draft","terms":[],"taxonomy":"category","extraData":[]},"publishpress_future_workflow_manual_trigger":{"enabledWorkflows":[]},"_links":{"self":[{"href":"https:\/\/stadt-adventskalender.de\/rixdorf\/cs\/wp-json\/wp\/v2\/posts\/353","targetHints":{"allow":["GET"]}}],"collection":[{"href":"https:\/\/stadt-adventskalender.de\/rixdorf\/cs\/wp-json\/wp\/v2\/posts"}],"about":[{"href":"https:\/\/stadt-adventskalender.de\/rixdorf\/cs\/wp-json\/wp\/v2\/types\/post"}],"author":[{"embeddable":true,"href":"https:\/\/stadt-adventskalender.de\/rixdorf\/cs\/wp-json\/wp\/v2\/users\/1"}],"replies":[{"embeddable":true,"href":"https:\/\/stadt-adventskalender.de\/rixdorf\/cs\/wp-json\/wp\/v2\/comments?post=353"}],"version-history":[{"count":7,"href":"https:\/\/stadt-adventskalender.de\/rixdorf\/cs\/wp-json\/wp\/v2\/posts\/353\/revisions"}],"predecessor-version":[{"id":600,"href":"https:\/\/stadt-adventskalender.de\/rixdorf\/cs\/wp-json\/wp\/v2\/posts\/353\/revisions\/600"}],"wp:attachment":[{"href":"https:\/\/stadt-adventskalender.de\/rixdorf\/cs\/wp-json\/wp\/v2\/media?parent=353"}],"wp:term":[{"taxonomy":"category","embeddable":true,"href":"https:\/\/stadt-adventskalender.de\/rixdorf\/cs\/wp-json\/wp\/v2\/categories?post=353"},{"taxonomy":"post_tag","embeddable":true,"href":"https:\/\/stadt-adventskalender.de\/rixdorf\/cs\/wp-json\/wp\/v2\/tags?post=353"}],"curies":[{"name":"wp","href":"https:\/\/api.w.org\/{rel}","templated":true}]}}