{"id":345,"date":"2025-12-20T00:00:00","date_gmt":"2025-12-19T23:00:00","guid":{"rendered":"http:\/\/stadt-adventskalender.de\/rixdorf\/?p=345"},"modified":"2025-11-06T21:34:51","modified_gmt":"2025-11-06T20:34:51","slug":"20-2","status":"publish","type":"post","link":"https:\/\/stadt-adventskalender.de\/rixdorf\/cs\/20-2\/","title":{"rendered":"20"},"content":{"rendered":"<h1>20<img loading=\"lazy\" decoding=\"async\" class=\"alignnone wp-image-35 size-full\" src=\"https:\/\/stadt-adventskalender.de\/rixdorf\/wp-content\/uploads\/sites\/14\/2019\/09\/20.png\" alt=\"\" width=\"300\" height=\"300\" srcset=\"https:\/\/stadt-adventskalender.de\/rixdorf\/wp-content\/uploads\/sites\/14\/2019\/09\/20.png 300w, https:\/\/stadt-adventskalender.de\/rixdorf\/wp-content\/uploads\/sites\/14\/2019\/09\/20-150x150.png 150w\" sizes=\"auto, (max-width: 300px) 100vw, 300px\" \/><\/h1>\n<h4>V Rixdorfu je z\u00e1bava<\/h4>\n<p><em>V Rixdorfu je z\u00e1bava <\/em><br \/>\n<em>Na ned\u011bli se t\u011b\u0161\u00edm,<\/em><br \/>\n<em>kone\u010dn\u011b za n\u00ed vyraz\u00edm,<\/em><br \/>\n<em>na sv\u00e1tek v\u0161ech smysl\u016f<\/em><br \/>\n<em>ko\u0148skou dro\u017ekou do Rixdorfu!<\/em><br \/>\n<em>Tam je Rieke pln\u00e1 o\u010dek\u00e1v\u00e1n\u00ed,<\/em><br \/>\n<em>bez Rieke plez\u00edr \u017e\u00e1dn\u00fd!<\/em><br \/>\n<em>V Rixdorfu je z\u00e1bava,<\/em><br \/>\n<em>tam si s Rieke zatrs\u00e1m,<\/em><br \/>\n<em>v Rixdorfu u Berl\u00edna.<\/em><\/p>\n<p>Tuto asi nejzn\u00e1m\u011bj\u0161\u00ed berl\u00ednskou odrhova\u010dku \u201e V Rixdorfu je z\u00e1bava\u201c proslavil komik Heinrich Littke-Carlsen v roce 1889, kter\u00fd na ni tan\u010dil plou\u017e\u00e1k. Z mravnostn\u00edch d\u016fvod\u016f byl plou\u017e\u00e1k v roce 1912 policejn\u011b zak\u00e1z\u00e1n. A i p\u0159ejmenov\u00e1n\u00ed Rixdorfu na Neuk\u00f6lln ve stejn\u00e9m roce m\u011blo za c\u00edl zamaskovat \u0161patnou pov\u011bst t\u00e9to \u010dtvrti jako vyk\u0159i\u010den\u00e9 a krimin\u00e1ln\u00ed.<\/p>\n<p>&nbsp;<\/p>\n","protected":false},"excerpt":{"rendered":"<p>20 V Rixdorfu je z\u00e1bava V Rixdorfu je z\u00e1bava Na ned\u011bli se t\u011b\u0161\u00edm, kone\u010dn\u011b za n\u00ed vyraz\u00edm, na sv\u00e1tek v\u0161ech smysl\u016f ko\u0148skou dro\u017ekou do Rixdorfu! Tam je Rieke pln\u00e1 o\u010dek\u00e1v\u00e1n\u00ed, bez Rieke plez\u00edr \u017e\u00e1dn\u00fd! V Rixdorfu je z\u00e1bava, tam si s Rieke zatrs\u00e1m, v Rixdorfu u Berl\u00edna. Tuto asi nejzn\u00e1m\u011bj\u0161\u00ed berl\u00ednskou odrhova\u010dku \u201e V Rixdorfu &hellip; <a href=\"https:\/\/stadt-adventskalender.de\/rixdorf\/cs\/20-2\/\" class=\"more-link\"><span class=\"screen-reader-text\">20<\/span> weiterlesen<\/a><\/p>\n","protected":false},"author":1,"featured_media":0,"comment_status":"closed","ping_status":"open","sticky":false,"template":"","format":"standard","meta":{"footnotes":""},"categories":[4],"tags":[],"class_list":["post-345","post","type-post","status-publish","format-standard","hentry","category-alle-offenen-turchen"],"translation":{"provider":"WPGlobus","version":"3.0.0","language":"cs","enabled_languages":["de","en","cs"],"languages":{"de":{"title":true,"content":true,"excerpt":false},"en":{"title":true,"content":true,"excerpt":false},"cs":{"title":true,"content":true,"excerpt":false}}},"publishpress_future_action":{"enabled":false,"date":"2026-05-08 18:50:46","action":"change-status","newStatus":"draft","terms":[],"taxonomy":"category","extraData":[]},"publishpress_future_workflow_manual_trigger":{"enabledWorkflows":[]},"_links":{"self":[{"href":"https:\/\/stadt-adventskalender.de\/rixdorf\/cs\/wp-json\/wp\/v2\/posts\/345","targetHints":{"allow":["GET"]}}],"collection":[{"href":"https:\/\/stadt-adventskalender.de\/rixdorf\/cs\/wp-json\/wp\/v2\/posts"}],"about":[{"href":"https:\/\/stadt-adventskalender.de\/rixdorf\/cs\/wp-json\/wp\/v2\/types\/post"}],"author":[{"embeddable":true,"href":"https:\/\/stadt-adventskalender.de\/rixdorf\/cs\/wp-json\/wp\/v2\/users\/1"}],"replies":[{"embeddable":true,"href":"https:\/\/stadt-adventskalender.de\/rixdorf\/cs\/wp-json\/wp\/v2\/comments?post=345"}],"version-history":[{"count":5,"href":"https:\/\/stadt-adventskalender.de\/rixdorf\/cs\/wp-json\/wp\/v2\/posts\/345\/revisions"}],"predecessor-version":[{"id":601,"href":"https:\/\/stadt-adventskalender.de\/rixdorf\/cs\/wp-json\/wp\/v2\/posts\/345\/revisions\/601"}],"wp:attachment":[{"href":"https:\/\/stadt-adventskalender.de\/rixdorf\/cs\/wp-json\/wp\/v2\/media?parent=345"}],"wp:term":[{"taxonomy":"category","embeddable":true,"href":"https:\/\/stadt-adventskalender.de\/rixdorf\/cs\/wp-json\/wp\/v2\/categories?post=345"},{"taxonomy":"post_tag","embeddable":true,"href":"https:\/\/stadt-adventskalender.de\/rixdorf\/cs\/wp-json\/wp\/v2\/tags?post=345"}],"curies":[{"name":"wp","href":"https:\/\/api.w.org\/{rel}","templated":true}]}}