{"id":338,"date":"2025-12-19T00:00:00","date_gmt":"2025-12-18T23:00:00","guid":{"rendered":"http:\/\/stadt-adventskalender.de\/rixdorf\/?p=338"},"modified":"2025-11-06T21:34:58","modified_gmt":"2025-11-06T20:34:58","slug":"19-2","status":"publish","type":"post","link":"https:\/\/stadt-adventskalender.de\/rixdorf\/cs\/19-2\/","title":{"rendered":"19"},"content":{"rendered":"<h1>19<img loading=\"lazy\" decoding=\"async\" class=\"alignnone wp-image-96 size-full\" src=\"https:\/\/stadt-adventskalender.de\/rixdorf\/wp-content\/uploads\/sites\/14\/2019\/11\/19.png\" alt=\"\" width=\"300\" height=\"300\" srcset=\"https:\/\/stadt-adventskalender.de\/rixdorf\/wp-content\/uploads\/sites\/14\/2019\/11\/19.png 300w, https:\/\/stadt-adventskalender.de\/rixdorf\/wp-content\/uploads\/sites\/14\/2019\/11\/19-150x150.png 150w\" sizes=\"auto, (max-width: 300px) 100vw, 300px\" \/><\/h1>\n<h4>Richardstra\u00dfe 87<\/h4>\n<p>A\u017e do 50. let vyh\u00e1n\u011bli zem\u011bd\u011blci sv\u016fj skot na p\u0159ilehl\u00e9 pastviny, provoz se dr\u017eel v rozumn\u00e9 m\u00ed\u0159e. Pozd\u011bji zv\u00ed\u0159ata u\u017e jen st\u00e1la ve st\u00e1j\u00edch. V ulici Richarstra\u00dfe \u010d. 87 bydlel sedl\u00e1k Wanzlik, posledn\u00ed sedl\u00e1k, kter\u00fd do roku 1971 obhospoda\u0159oval v Rixdorfu sv\u016fj statek. Historick\u00e1 klika dve\u0159\u00ed jeho domu ve form\u011b ko\u0148sk\u00e9 hlavy je i dnes hezk\u00e1 na pohled.<\/p>\n","protected":false},"excerpt":{"rendered":"<p>19 Richardstra\u00dfe 87 A\u017e do 50. let vyh\u00e1n\u011bli zem\u011bd\u011blci sv\u016fj skot na p\u0159ilehl\u00e9 pastviny, provoz se dr\u017eel v rozumn\u00e9 m\u00ed\u0159e. Pozd\u011bji zv\u00ed\u0159ata u\u017e jen st\u00e1la ve st\u00e1j\u00edch. V ulici Richarstra\u00dfe \u010d. 87 bydlel sedl\u00e1k Wanzlik, posledn\u00ed sedl\u00e1k, kter\u00fd do roku 1971 obhospoda\u0159oval v Rixdorfu sv\u016fj statek. Historick\u00e1 klika dve\u0159\u00ed jeho domu ve form\u011b ko\u0148sk\u00e9 hlavy &hellip; <a href=\"https:\/\/stadt-adventskalender.de\/rixdorf\/cs\/19-2\/\" class=\"more-link\"><span class=\"screen-reader-text\">19<\/span> weiterlesen<\/a><\/p>\n","protected":false},"author":1,"featured_media":0,"comment_status":"closed","ping_status":"open","sticky":false,"template":"","format":"standard","meta":{"footnotes":""},"categories":[4],"tags":[],"class_list":["post-338","post","type-post","status-publish","format-standard","hentry","category-alle-offenen-turchen"],"translation":{"provider":"WPGlobus","version":"3.0.0","language":"cs","enabled_languages":["de","en","cs"],"languages":{"de":{"title":true,"content":true,"excerpt":false},"en":{"title":true,"content":true,"excerpt":false},"cs":{"title":true,"content":true,"excerpt":false}}},"publishpress_future_action":{"enabled":false,"date":"2026-05-08 18:11:18","action":"change-status","newStatus":"draft","terms":[],"taxonomy":"category","extraData":[]},"publishpress_future_workflow_manual_trigger":{"enabledWorkflows":[]},"_links":{"self":[{"href":"https:\/\/stadt-adventskalender.de\/rixdorf\/cs\/wp-json\/wp\/v2\/posts\/338","targetHints":{"allow":["GET"]}}],"collection":[{"href":"https:\/\/stadt-adventskalender.de\/rixdorf\/cs\/wp-json\/wp\/v2\/posts"}],"about":[{"href":"https:\/\/stadt-adventskalender.de\/rixdorf\/cs\/wp-json\/wp\/v2\/types\/post"}],"author":[{"embeddable":true,"href":"https:\/\/stadt-adventskalender.de\/rixdorf\/cs\/wp-json\/wp\/v2\/users\/1"}],"replies":[{"embeddable":true,"href":"https:\/\/stadt-adventskalender.de\/rixdorf\/cs\/wp-json\/wp\/v2\/comments?post=338"}],"version-history":[{"count":5,"href":"https:\/\/stadt-adventskalender.de\/rixdorf\/cs\/wp-json\/wp\/v2\/posts\/338\/revisions"}],"predecessor-version":[{"id":602,"href":"https:\/\/stadt-adventskalender.de\/rixdorf\/cs\/wp-json\/wp\/v2\/posts\/338\/revisions\/602"}],"wp:attachment":[{"href":"https:\/\/stadt-adventskalender.de\/rixdorf\/cs\/wp-json\/wp\/v2\/media?parent=338"}],"wp:term":[{"taxonomy":"category","embeddable":true,"href":"https:\/\/stadt-adventskalender.de\/rixdorf\/cs\/wp-json\/wp\/v2\/categories?post=338"},{"taxonomy":"post_tag","embeddable":true,"href":"https:\/\/stadt-adventskalender.de\/rixdorf\/cs\/wp-json\/wp\/v2\/tags?post=338"}],"curies":[{"name":"wp","href":"https:\/\/api.w.org\/{rel}","templated":true}]}}