{"id":330,"date":"2025-12-16T00:00:00","date_gmt":"2025-12-15T23:00:00","guid":{"rendered":"http:\/\/stadt-adventskalender.de\/rixdorf\/?p=330"},"modified":"2025-11-06T21:35:19","modified_gmt":"2025-11-06T20:35:19","slug":"16-2","status":"publish","type":"post","link":"https:\/\/stadt-adventskalender.de\/rixdorf\/cs\/16-2\/","title":{"rendered":"16"},"content":{"rendered":"<h1>16<img loading=\"lazy\" decoding=\"async\" class=\"alignnone wp-image-93 size-full\" src=\"https:\/\/stadt-adventskalender.de\/rixdorf\/wp-content\/uploads\/sites\/14\/2019\/11\/16.png\" alt=\"\" width=\"300\" height=\"300\" srcset=\"https:\/\/stadt-adventskalender.de\/rixdorf\/wp-content\/uploads\/sites\/14\/2019\/11\/16.png 300w, https:\/\/stadt-adventskalender.de\/rixdorf\/wp-content\/uploads\/sites\/14\/2019\/11\/16-150x150.png 150w\" sizes=\"auto, (max-width: 300px) 100vw, 300px\" \/><\/h1>\n<h4>Na m\u00edrov\u00e9 misi<\/h4>\n<p>Z vd\u011b\u010dnosti za p\u0159ijet\u00ed \u010cech\u016f v Rixdorfu odhalil v roce 1992 prezident \u010ceskoslovensk\u00e9 republiky, Alexander Dub\u010dek, v\u016fd\u010d\u00ed postava pra\u017esk\u00e9ho jara, sochu Komensk\u00e9ho a v\u011bnoval ji Jednot\u011b bratrsk\u00e9 v Berl\u00edn\u011b. Tuto n\u011bkolikatunovou bronzovou sochu u\u010dence z \u010ceska, kter\u00fd byl do hlouby du\u0161e pacifistou, p\u0159epravovaly na jej\u00ed aktu\u00e1ln\u00ed stanovi\u0161t\u011b v Komensk\u00e9ho zahrad\u011b zrovna arm\u00e1dy obou zem\u00ed. Um\u011blec, kter\u00fd sochu vytv\u00e1\u0159el, prop\u016fj\u010dil ruk\u00e1m humanisty, kter\u00fd se v\u017edy c\u00edtil zav\u00e1z\u00e1n lidem, jak d\u00e1vaj\u00edc\u00ed, tak p\u0159ij\u00edmaj\u00edc\u00ed gesto.<\/p>\n","protected":false},"excerpt":{"rendered":"<p>16 Na m\u00edrov\u00e9 misi Z vd\u011b\u010dnosti za p\u0159ijet\u00ed \u010cech\u016f v Rixdorfu odhalil v roce 1992 prezident \u010ceskoslovensk\u00e9 republiky, Alexander Dub\u010dek, v\u016fd\u010d\u00ed postava pra\u017esk\u00e9ho jara, sochu Komensk\u00e9ho a v\u011bnoval ji Jednot\u011b bratrsk\u00e9 v Berl\u00edn\u011b. Tuto n\u011bkolikatunovou bronzovou sochu u\u010dence z \u010ceska, kter\u00fd byl do hlouby du\u0161e pacifistou, p\u0159epravovaly na jej\u00ed aktu\u00e1ln\u00ed stanovi\u0161t\u011b v Komensk\u00e9ho zahrad\u011b zrovna &hellip; <a href=\"https:\/\/stadt-adventskalender.de\/rixdorf\/cs\/16-2\/\" class=\"more-link\"><span class=\"screen-reader-text\">16<\/span> weiterlesen<\/a><\/p>\n","protected":false},"author":1,"featured_media":0,"comment_status":"closed","ping_status":"open","sticky":false,"template":"","format":"standard","meta":{"footnotes":""},"categories":[4],"tags":[],"class_list":["post-330","post","type-post","status-publish","format-standard","hentry","category-alle-offenen-turchen"],"translation":{"provider":"WPGlobus","version":"3.0.0","language":"cs","enabled_languages":["de","en","cs"],"languages":{"de":{"title":true,"content":true,"excerpt":false},"en":{"title":true,"content":true,"excerpt":false},"cs":{"title":true,"content":true,"excerpt":false}}},"publishpress_future_action":{"enabled":false,"date":"2026-05-08 18:50:45","action":"change-status","newStatus":"draft","terms":[],"taxonomy":"category","extraData":[]},"publishpress_future_workflow_manual_trigger":{"enabledWorkflows":[]},"_links":{"self":[{"href":"https:\/\/stadt-adventskalender.de\/rixdorf\/cs\/wp-json\/wp\/v2\/posts\/330","targetHints":{"allow":["GET"]}}],"collection":[{"href":"https:\/\/stadt-adventskalender.de\/rixdorf\/cs\/wp-json\/wp\/v2\/posts"}],"about":[{"href":"https:\/\/stadt-adventskalender.de\/rixdorf\/cs\/wp-json\/wp\/v2\/types\/post"}],"author":[{"embeddable":true,"href":"https:\/\/stadt-adventskalender.de\/rixdorf\/cs\/wp-json\/wp\/v2\/users\/1"}],"replies":[{"embeddable":true,"href":"https:\/\/stadt-adventskalender.de\/rixdorf\/cs\/wp-json\/wp\/v2\/comments?post=330"}],"version-history":[{"count":5,"href":"https:\/\/stadt-adventskalender.de\/rixdorf\/cs\/wp-json\/wp\/v2\/posts\/330\/revisions"}],"predecessor-version":[{"id":609,"href":"https:\/\/stadt-adventskalender.de\/rixdorf\/cs\/wp-json\/wp\/v2\/posts\/330\/revisions\/609"}],"wp:attachment":[{"href":"https:\/\/stadt-adventskalender.de\/rixdorf\/cs\/wp-json\/wp\/v2\/media?parent=330"}],"wp:term":[{"taxonomy":"category","embeddable":true,"href":"https:\/\/stadt-adventskalender.de\/rixdorf\/cs\/wp-json\/wp\/v2\/categories?post=330"},{"taxonomy":"post_tag","embeddable":true,"href":"https:\/\/stadt-adventskalender.de\/rixdorf\/cs\/wp-json\/wp\/v2\/tags?post=330"}],"curies":[{"name":"wp","href":"https:\/\/api.w.org\/{rel}","templated":true}]}}