{"id":326,"date":"2025-12-15T00:00:00","date_gmt":"2025-12-14T23:00:00","guid":{"rendered":"http:\/\/stadt-adventskalender.de\/rixdorf\/?p=326"},"modified":"2025-11-06T21:35:27","modified_gmt":"2025-11-06T20:35:27","slug":"15-2","status":"publish","type":"post","link":"https:\/\/stadt-adventskalender.de\/rixdorf\/cs\/15-2\/","title":{"rendered":"15"},"content":{"rendered":"<h1>15<img loading=\"lazy\" decoding=\"async\" class=\"alignnone wp-image-92 size-full\" src=\"https:\/\/stadt-adventskalender.de\/rixdorf\/wp-content\/uploads\/sites\/14\/2019\/11\/15.png\" alt=\"\" width=\"300\" height=\"300\" srcset=\"https:\/\/stadt-adventskalender.de\/rixdorf\/wp-content\/uploads\/sites\/14\/2019\/11\/15.png 300w, https:\/\/stadt-adventskalender.de\/rixdorf\/wp-content\/uploads\/sites\/14\/2019\/11\/15-150x150.png 150w\" sizes=\"auto, (max-width: 300px) 100vw, 300px\" \/><\/h1>\n<h4>\u0160iml \u010dtvernoh\u00fd a \u00fa\u0159edn\u00ed<\/h4>\n<p>A\u017e do 2. \u0159\u00edjna tohoto roku tahali kon\u011b dro\u017ek\u00e1\u0159sk\u00e9ho podniku Sch\u00f6ne ko\u010d\u00e1ry ulicemi Neuk\u00f6llnu. Ale ze sv\u00e9ho zimn\u00edho kvart\u00fdru v L\u00fcneburger Heide se tato zv\u00ed\u0159ata letos u\u017e nevr\u00e1t\u00ed. Z\u00e1konn\u00e1 ustanoven\u00ed pro ko\u0148sk\u00e9 ko\u010d\u00e1ry byla natolik zp\u0159\u00edsn\u011bna, \u017ee byl provoz t\u011bchto povoz\u016f nyn\u00ed ukon\u010den.<br \/>\nV roce 1910 vlastnil dro\u017ek\u00e1\u0159sk\u00fd podnikatel Gustav Sch\u00f6ne osm ko\u0148\u016f, o dvacet let pozd\u011bji mu ji\u017e slou\u017eilo sto kon\u00ed. Vozili odpadky, po\u0161tu, zem\u0159el\u00e9 i \u010derstv\u011b sezdan\u00e9. D\u00edky v\u00fdkonn\u00fdm ko\u0148sk\u00fdm povoz\u016fm mohl podnik v roce 1927 koupit prvn\u00ed automobil, kon\u011b ale z\u016fstali.<br \/>\nZ doby po\u010d\u00e1tku podniku poch\u00e1z\u00ed korouhvi\u010dka na st\u0159e\u0161e domu na n\u00e1m\u011bst\u00ed Richardplatz..<\/p>\n","protected":false},"excerpt":{"rendered":"<p>15 \u0160iml \u010dtvernoh\u00fd a \u00fa\u0159edn\u00ed A\u017e do 2. \u0159\u00edjna tohoto roku tahali kon\u011b dro\u017ek\u00e1\u0159sk\u00e9ho podniku Sch\u00f6ne ko\u010d\u00e1ry ulicemi Neuk\u00f6llnu. Ale ze sv\u00e9ho zimn\u00edho kvart\u00fdru v L\u00fcneburger Heide se tato zv\u00ed\u0159ata letos u\u017e nevr\u00e1t\u00ed. Z\u00e1konn\u00e1 ustanoven\u00ed pro ko\u0148sk\u00e9 ko\u010d\u00e1ry byla natolik zp\u0159\u00edsn\u011bna, \u017ee byl provoz t\u011bchto povoz\u016f nyn\u00ed ukon\u010den. V roce 1910 vlastnil dro\u017ek\u00e1\u0159sk\u00fd podnikatel Gustav &hellip; <a href=\"https:\/\/stadt-adventskalender.de\/rixdorf\/cs\/15-2\/\" class=\"more-link\"><span class=\"screen-reader-text\">15<\/span> weiterlesen<\/a><\/p>\n","protected":false},"author":1,"featured_media":0,"comment_status":"closed","ping_status":"open","sticky":false,"template":"","format":"standard","meta":{"footnotes":""},"categories":[4],"tags":[],"class_list":["post-326","post","type-post","status-publish","format-standard","hentry","category-alle-offenen-turchen"],"translation":{"provider":"WPGlobus","version":"3.0.0","language":"cs","enabled_languages":["de","en","cs"],"languages":{"de":{"title":true,"content":true,"excerpt":false},"en":{"title":true,"content":true,"excerpt":false},"cs":{"title":true,"content":true,"excerpt":false}}},"publishpress_future_action":{"enabled":false,"date":"2026-05-08 18:50:47","action":"change-status","newStatus":"draft","terms":[],"taxonomy":"category","extraData":[]},"publishpress_future_workflow_manual_trigger":{"enabledWorkflows":[]},"_links":{"self":[{"href":"https:\/\/stadt-adventskalender.de\/rixdorf\/cs\/wp-json\/wp\/v2\/posts\/326","targetHints":{"allow":["GET"]}}],"collection":[{"href":"https:\/\/stadt-adventskalender.de\/rixdorf\/cs\/wp-json\/wp\/v2\/posts"}],"about":[{"href":"https:\/\/stadt-adventskalender.de\/rixdorf\/cs\/wp-json\/wp\/v2\/types\/post"}],"author":[{"embeddable":true,"href":"https:\/\/stadt-adventskalender.de\/rixdorf\/cs\/wp-json\/wp\/v2\/users\/1"}],"replies":[{"embeddable":true,"href":"https:\/\/stadt-adventskalender.de\/rixdorf\/cs\/wp-json\/wp\/v2\/comments?post=326"}],"version-history":[{"count":4,"href":"https:\/\/stadt-adventskalender.de\/rixdorf\/cs\/wp-json\/wp\/v2\/posts\/326\/revisions"}],"predecessor-version":[{"id":611,"href":"https:\/\/stadt-adventskalender.de\/rixdorf\/cs\/wp-json\/wp\/v2\/posts\/326\/revisions\/611"}],"wp:attachment":[{"href":"https:\/\/stadt-adventskalender.de\/rixdorf\/cs\/wp-json\/wp\/v2\/media?parent=326"}],"wp:term":[{"taxonomy":"category","embeddable":true,"href":"https:\/\/stadt-adventskalender.de\/rixdorf\/cs\/wp-json\/wp\/v2\/categories?post=326"},{"taxonomy":"post_tag","embeddable":true,"href":"https:\/\/stadt-adventskalender.de\/rixdorf\/cs\/wp-json\/wp\/v2\/tags?post=326"}],"curies":[{"name":"wp","href":"https:\/\/api.w.org\/{rel}","templated":true}]}}