{"id":321,"date":"2025-12-14T00:00:00","date_gmt":"2025-12-13T23:00:00","guid":{"rendered":"http:\/\/stadt-adventskalender.de\/rixdorf\/?p=321"},"modified":"2025-11-06T21:35:33","modified_gmt":"2025-11-06T20:35:33","slug":"14-2","status":"publish","type":"post","link":"https:\/\/stadt-adventskalender.de\/rixdorf\/cs\/14-2\/","title":{"rendered":"14"},"content":{"rendered":"<h1>14<img loading=\"lazy\" decoding=\"async\" class=\"alignnone wp-image-29 size-full\" src=\"https:\/\/stadt-adventskalender.de\/rixdorf\/wp-content\/uploads\/sites\/14\/2019\/09\/14.png\" alt=\"\" width=\"300\" height=\"300\" srcset=\"https:\/\/stadt-adventskalender.de\/rixdorf\/wp-content\/uploads\/sites\/14\/2019\/09\/14.png 300w, https:\/\/stadt-adventskalender.de\/rixdorf\/wp-content\/uploads\/sites\/14\/2019\/09\/14-150x150.png 150w\" sizes=\"auto, (max-width: 300px) 100vw, 300px\" \/><\/h1>\n<h4>Pro v\u0161echno maso je to jako tr\u00e1va &#8230;<\/h4>\n<p>Na \u010desk\u00e9m h\u0159bitov\u011b v\u00a0Rixdorfu jsou dovoleny jen t\u0159i rostliny \u2013 sm\u00ed zde r\u016fst pouze tr\u00e1va, l\u00edpa, n\u00e1rodn\u00ed strom \u010cech\u016f, a b\u0159e\u010d\u0165an. Tento h\u0159bitov rozprost\u00edraj\u00edc\u00ed se mezi n\u00e1m\u011bst\u00edm Karl-Marx-Platz a ulic\u00ed Kirchhofstra\u00dfe je v\u00a0Berl\u00edn\u011b jedine\u010dn\u00fd. Poh\u0159b\u00edvaj\u00ed se tu mu\u017ei odd\u011blen\u011b od \u017een (brat\u0159i a sestry, jak se ochranov\u0161t\u00ed sami naz\u00fdvaj\u00ed) v\u00a0b\u00edl\u00fdch rakv\u00edch podle star\u00e9ho bratrsk\u00e9ho \u0159\u00e1du. B\u011bhem smute\u010dn\u00edho ob\u0159adu se p\u0159ed\u010d\u00edt\u00e1 \u017eivotopis, kte\u0159\u00ed si zem\u0159el\u00ed b\u011bhem sv\u00e9ho \u017eivota sami p\u00ed\u0161\u00ed.<\/p>\n","protected":false},"excerpt":{"rendered":"<p>14 Pro v\u0161echno maso je to jako tr\u00e1va &#8230; Na \u010desk\u00e9m h\u0159bitov\u011b v\u00a0Rixdorfu jsou dovoleny jen t\u0159i rostliny \u2013 sm\u00ed zde r\u016fst pouze tr\u00e1va, l\u00edpa, n\u00e1rodn\u00ed strom \u010cech\u016f, a b\u0159e\u010d\u0165an. Tento h\u0159bitov rozprost\u00edraj\u00edc\u00ed se mezi n\u00e1m\u011bst\u00edm Karl-Marx-Platz a ulic\u00ed Kirchhofstra\u00dfe je v\u00a0Berl\u00edn\u011b jedine\u010dn\u00fd. Poh\u0159b\u00edvaj\u00ed se tu mu\u017ei odd\u011blen\u011b od \u017een (brat\u0159i a sestry, jak se &hellip; <a href=\"https:\/\/stadt-adventskalender.de\/rixdorf\/cs\/14-2\/\" class=\"more-link\"><span class=\"screen-reader-text\">14<\/span> weiterlesen<\/a><\/p>\n","protected":false},"author":1,"featured_media":0,"comment_status":"closed","ping_status":"open","sticky":false,"template":"","format":"standard","meta":{"footnotes":""},"categories":[4],"tags":[],"class_list":["post-321","post","type-post","status-publish","format-standard","hentry","category-alle-offenen-turchen"],"translation":{"provider":"WPGlobus","version":"3.0.0","language":"cs","enabled_languages":["de","en","cs"],"languages":{"de":{"title":true,"content":true,"excerpt":false},"en":{"title":true,"content":true,"excerpt":false},"cs":{"title":true,"content":true,"excerpt":false}}},"publishpress_future_action":{"enabled":false,"date":"2026-05-08 18:50:11","action":"change-status","newStatus":"draft","terms":[],"taxonomy":"category","extraData":[]},"publishpress_future_workflow_manual_trigger":{"enabledWorkflows":[]},"_links":{"self":[{"href":"https:\/\/stadt-adventskalender.de\/rixdorf\/cs\/wp-json\/wp\/v2\/posts\/321","targetHints":{"allow":["GET"]}}],"collection":[{"href":"https:\/\/stadt-adventskalender.de\/rixdorf\/cs\/wp-json\/wp\/v2\/posts"}],"about":[{"href":"https:\/\/stadt-adventskalender.de\/rixdorf\/cs\/wp-json\/wp\/v2\/types\/post"}],"author":[{"embeddable":true,"href":"https:\/\/stadt-adventskalender.de\/rixdorf\/cs\/wp-json\/wp\/v2\/users\/1"}],"replies":[{"embeddable":true,"href":"https:\/\/stadt-adventskalender.de\/rixdorf\/cs\/wp-json\/wp\/v2\/comments?post=321"}],"version-history":[{"count":5,"href":"https:\/\/stadt-adventskalender.de\/rixdorf\/cs\/wp-json\/wp\/v2\/posts\/321\/revisions"}],"predecessor-version":[{"id":548,"href":"https:\/\/stadt-adventskalender.de\/rixdorf\/cs\/wp-json\/wp\/v2\/posts\/321\/revisions\/548"}],"wp:attachment":[{"href":"https:\/\/stadt-adventskalender.de\/rixdorf\/cs\/wp-json\/wp\/v2\/media?parent=321"}],"wp:term":[{"taxonomy":"category","embeddable":true,"href":"https:\/\/stadt-adventskalender.de\/rixdorf\/cs\/wp-json\/wp\/v2\/categories?post=321"},{"taxonomy":"post_tag","embeddable":true,"href":"https:\/\/stadt-adventskalender.de\/rixdorf\/cs\/wp-json\/wp\/v2\/tags?post=321"}],"curies":[{"name":"wp","href":"https:\/\/api.w.org\/{rel}","templated":true}]}}