{"id":311,"date":"2025-12-12T00:00:00","date_gmt":"2025-12-11T23:00:00","guid":{"rendered":"http:\/\/stadt-adventskalender.de\/rixdorf\/?p=311"},"modified":"2025-11-06T21:35:46","modified_gmt":"2025-11-06T20:35:46","slug":"12-2","status":"publish","type":"post","link":"https:\/\/stadt-adventskalender.de\/rixdorf\/cs\/12-2\/","title":{"rendered":"12"},"content":{"rendered":"<h1>12<img loading=\"lazy\" decoding=\"async\" class=\"alignnone wp-image-27 size-full\" src=\"https:\/\/stadt-adventskalender.de\/rixdorf\/wp-content\/uploads\/sites\/14\/2019\/09\/12.png\" alt=\"\" width=\"300\" height=\"300\" srcset=\"https:\/\/stadt-adventskalender.de\/rixdorf\/wp-content\/uploads\/sites\/14\/2019\/09\/12.png 300w, https:\/\/stadt-adventskalender.de\/rixdorf\/wp-content\/uploads\/sites\/14\/2019\/09\/12-150x150.png 150w\" sizes=\"auto, (max-width: 300px) 100vw, 300px\" \/><\/h1>\n<h4>V\u00e1no\u010dn\u00ed o\u0159ech<\/h4>\n<p>\u010cetn\u00e9 \u0161koly a ulice nos\u00ed ve sv\u00e9m n\u00e1zvu jm\u00e9no velk\u00e9ho pedagoga, teologa a filozofa z\u00a0\u010cech Jana \u00c1mose Komensk\u00e9ho (1552\u20131670). V\u00a0jeho p\u0159edstav\u00e1ch se cesta lidsk\u00fdm \u017eivotem \u010dlen\u00ed do osmi \u00fasek\u016f, od \u201e\u0161koly zrozen\u00ed\u201c a\u017e po \u201e\u0161kolu smrti\u201c. V\u00a0Komensk\u00e9ho zahrad\u011b, le\u017e\u00edc\u00ed mezi ulic\u00ed Richardstra\u00dfe a n\u00e1m\u011bst\u00edm Karl-Marx-Platz, tuto \u017eivotn\u00ed cestu zn\u00e1zor\u0148uje p\u00edse\u010dn\u00e1 stezka. Na jej\u00edm za\u010d\u00e1tku stoj\u00ed o\u0159e\u0161\u00e1k. Cesta nakonec vede \u010deskou vesnic\u00ed a kon\u010d\u00ed na h\u0159bitov\u011b.<br \/>\nKdy\u017e nechal Fridrich Vil\u00e9m I. z\u0159\u00eddit pozemky \u010desk\u00fdch p\u0159ist\u011bhovalc\u016f, nechal na ka\u017ed\u00e9m dvo\u0159e vysadit o\u0159e\u0161\u00e1k. O\u0159echy jsou v\u00fd\u017eivn\u00fdmi zimn\u00edmi plody, tenzidy obsa\u017een\u00e9 v\u00a0jejich sko\u0159\u00e1pce slou\u017eily jako myc\u00ed prost\u0159edek. Cenn\u00e9 d\u0159evo vzrostl\u00fdch strom\u016f z\u016fst\u00e1valo v\u00a0majetku kr\u00e1le.<\/p>\n","protected":false},"excerpt":{"rendered":"<p>12 V\u00e1no\u010dn\u00ed o\u0159ech \u010cetn\u00e9 \u0161koly a ulice nos\u00ed ve sv\u00e9m n\u00e1zvu jm\u00e9no velk\u00e9ho pedagoga, teologa a filozofa z\u00a0\u010cech Jana \u00c1mose Komensk\u00e9ho (1552\u20131670). V\u00a0jeho p\u0159edstav\u00e1ch se cesta lidsk\u00fdm \u017eivotem \u010dlen\u00ed do osmi \u00fasek\u016f, od \u201e\u0161koly zrozen\u00ed\u201c a\u017e po \u201e\u0161kolu smrti\u201c. V\u00a0Komensk\u00e9ho zahrad\u011b, le\u017e\u00edc\u00ed mezi ulic\u00ed Richardstra\u00dfe a n\u00e1m\u011bst\u00edm Karl-Marx-Platz, tuto \u017eivotn\u00ed cestu zn\u00e1zor\u0148uje p\u00edse\u010dn\u00e1 stezka. Na &hellip; <a href=\"https:\/\/stadt-adventskalender.de\/rixdorf\/cs\/12-2\/\" class=\"more-link\"><span class=\"screen-reader-text\">12<\/span> weiterlesen<\/a><\/p>\n","protected":false},"author":1,"featured_media":0,"comment_status":"closed","ping_status":"open","sticky":false,"template":"","format":"standard","meta":{"footnotes":""},"categories":[4],"tags":[],"class_list":["post-311","post","type-post","status-publish","format-standard","hentry","category-alle-offenen-turchen"],"translation":{"provider":"WPGlobus","version":"3.0.0","language":"cs","enabled_languages":["de","en","cs"],"languages":{"de":{"title":true,"content":true,"excerpt":false},"en":{"title":true,"content":true,"excerpt":false},"cs":{"title":true,"content":true,"excerpt":false}}},"publishpress_future_action":{"enabled":false,"date":"2026-05-08 18:50:53","action":"change-status","newStatus":"draft","terms":[],"taxonomy":"category","extraData":[]},"publishpress_future_workflow_manual_trigger":{"enabledWorkflows":[]},"_links":{"self":[{"href":"https:\/\/stadt-adventskalender.de\/rixdorf\/cs\/wp-json\/wp\/v2\/posts\/311","targetHints":{"allow":["GET"]}}],"collection":[{"href":"https:\/\/stadt-adventskalender.de\/rixdorf\/cs\/wp-json\/wp\/v2\/posts"}],"about":[{"href":"https:\/\/stadt-adventskalender.de\/rixdorf\/cs\/wp-json\/wp\/v2\/types\/post"}],"author":[{"embeddable":true,"href":"https:\/\/stadt-adventskalender.de\/rixdorf\/cs\/wp-json\/wp\/v2\/users\/1"}],"replies":[{"embeddable":true,"href":"https:\/\/stadt-adventskalender.de\/rixdorf\/cs\/wp-json\/wp\/v2\/comments?post=311"}],"version-history":[{"count":5,"href":"https:\/\/stadt-adventskalender.de\/rixdorf\/cs\/wp-json\/wp\/v2\/posts\/311\/revisions"}],"predecessor-version":[{"id":670,"href":"https:\/\/stadt-adventskalender.de\/rixdorf\/cs\/wp-json\/wp\/v2\/posts\/311\/revisions\/670"}],"wp:attachment":[{"href":"https:\/\/stadt-adventskalender.de\/rixdorf\/cs\/wp-json\/wp\/v2\/media?parent=311"}],"wp:term":[{"taxonomy":"category","embeddable":true,"href":"https:\/\/stadt-adventskalender.de\/rixdorf\/cs\/wp-json\/wp\/v2\/categories?post=311"},{"taxonomy":"post_tag","embeddable":true,"href":"https:\/\/stadt-adventskalender.de\/rixdorf\/cs\/wp-json\/wp\/v2\/tags?post=311"}],"curies":[{"name":"wp","href":"https:\/\/api.w.org\/{rel}","templated":true}]}}