{"id":260,"date":"2025-12-10T00:00:00","date_gmt":"2025-12-09T23:00:00","guid":{"rendered":"http:\/\/stadt-adventskalender.de\/rixdorf\/?p=260"},"modified":"2025-11-06T21:35:58","modified_gmt":"2025-11-06T20:35:58","slug":"10-2","status":"publish","type":"post","link":"https:\/\/stadt-adventskalender.de\/rixdorf\/cs\/10-2\/","title":{"rendered":"10"},"content":{"rendered":"<h1>10<img loading=\"lazy\" decoding=\"async\" class=\"alignnone wp-image-25 size-full\" src=\"https:\/\/stadt-adventskalender.de\/rixdorf\/wp-content\/uploads\/sites\/14\/2019\/09\/10.png\" alt=\"\" width=\"300\" height=\"300\" srcset=\"https:\/\/stadt-adventskalender.de\/rixdorf\/wp-content\/uploads\/sites\/14\/2019\/09\/10.png 300w, https:\/\/stadt-adventskalender.de\/rixdorf\/wp-content\/uploads\/sites\/14\/2019\/09\/10-150x150.png 150w\" sizes=\"auto, (max-width: 300px) 100vw, 300px\" \/><\/h1>\n<h4>Sv\u00edt\u00edc\u00ed pun\u010do\u0161ky<\/h4>\n<p>Jednou z technick\u00fdch inovac\u00ed 19. stolet\u00ed je pun\u010do\u0161ka do lampi\u010dky. Jej\u00ed jemn\u00e1 tkanina je upraven\u00e1 speci\u00e1ln\u00edmi solemi, osv\u011btluje ji petrolejov\u00fd plamen. Ka\u017ed\u00fd rok na druh\u00fd advent oza\u0159uj\u00ed petrolejov\u00e9 lampy st\u00e1nky charitativn\u00edho rixdorfsk\u00e9ho v\u00e1no\u010dn\u00edho trhu. Technick\u00e9 slu\u017eby THW se staraj\u00ed nejen o lampy \u2013 bez nasazen\u00ed jejich zam\u011bstnanc\u016f, kte\u0159\u00ed pracuj\u00ed v\u00fdhradn\u011b na dobrovoln\u00e9 b\u00e1zi, bychom si tento v\u00e1no\u010dn\u00ed trh v\u016fbec nedovedli p\u0159edstavit. Srde\u010dn\u011b d\u011bkujeme!<\/p>\n","protected":false},"excerpt":{"rendered":"<p>10 Sv\u00edt\u00edc\u00ed pun\u010do\u0161ky Jednou z technick\u00fdch inovac\u00ed 19. stolet\u00ed je pun\u010do\u0161ka do lampi\u010dky. Jej\u00ed jemn\u00e1 tkanina je upraven\u00e1 speci\u00e1ln\u00edmi solemi, osv\u011btluje ji petrolejov\u00fd plamen. Ka\u017ed\u00fd rok na druh\u00fd advent oza\u0159uj\u00ed petrolejov\u00e9 lampy st\u00e1nky charitativn\u00edho rixdorfsk\u00e9ho v\u00e1no\u010dn\u00edho trhu. Technick\u00e9 slu\u017eby THW se staraj\u00ed nejen o lampy \u2013 bez nasazen\u00ed jejich zam\u011bstnanc\u016f, kte\u0159\u00ed pracuj\u00ed v\u00fdhradn\u011b na dobrovoln\u00e9 &hellip; <a href=\"https:\/\/stadt-adventskalender.de\/rixdorf\/cs\/10-2\/\" class=\"more-link\"><span class=\"screen-reader-text\">10<\/span> weiterlesen<\/a><\/p>\n","protected":false},"author":1,"featured_media":0,"comment_status":"closed","ping_status":"open","sticky":false,"template":"","format":"standard","meta":{"footnotes":""},"categories":[4],"tags":[],"class_list":["post-260","post","type-post","status-publish","format-standard","hentry","category-alle-offenen-turchen"],"translation":{"provider":"WPGlobus","version":"3.0.0","language":"cs","enabled_languages":["de","en","cs"],"languages":{"de":{"title":true,"content":true,"excerpt":false},"en":{"title":true,"content":true,"excerpt":false},"cs":{"title":true,"content":true,"excerpt":false}}},"publishpress_future_action":{"enabled":false,"date":"2026-05-08 18:50:53","action":"change-status","newStatus":"draft","terms":[],"taxonomy":"category","extraData":[]},"publishpress_future_workflow_manual_trigger":{"enabledWorkflows":[]},"_links":{"self":[{"href":"https:\/\/stadt-adventskalender.de\/rixdorf\/cs\/wp-json\/wp\/v2\/posts\/260","targetHints":{"allow":["GET"]}}],"collection":[{"href":"https:\/\/stadt-adventskalender.de\/rixdorf\/cs\/wp-json\/wp\/v2\/posts"}],"about":[{"href":"https:\/\/stadt-adventskalender.de\/rixdorf\/cs\/wp-json\/wp\/v2\/types\/post"}],"author":[{"embeddable":true,"href":"https:\/\/stadt-adventskalender.de\/rixdorf\/cs\/wp-json\/wp\/v2\/users\/1"}],"replies":[{"embeddable":true,"href":"https:\/\/stadt-adventskalender.de\/rixdorf\/cs\/wp-json\/wp\/v2\/comments?post=260"}],"version-history":[{"count":5,"href":"https:\/\/stadt-adventskalender.de\/rixdorf\/cs\/wp-json\/wp\/v2\/posts\/260\/revisions"}],"predecessor-version":[{"id":617,"href":"https:\/\/stadt-adventskalender.de\/rixdorf\/cs\/wp-json\/wp\/v2\/posts\/260\/revisions\/617"}],"wp:attachment":[{"href":"https:\/\/stadt-adventskalender.de\/rixdorf\/cs\/wp-json\/wp\/v2\/media?parent=260"}],"wp:term":[{"taxonomy":"category","embeddable":true,"href":"https:\/\/stadt-adventskalender.de\/rixdorf\/cs\/wp-json\/wp\/v2\/categories?post=260"},{"taxonomy":"post_tag","embeddable":true,"href":"https:\/\/stadt-adventskalender.de\/rixdorf\/cs\/wp-json\/wp\/v2\/tags?post=260"}],"curies":[{"name":"wp","href":"https:\/\/api.w.org\/{rel}","templated":true}]}}