{"id":253,"date":"2025-12-09T00:00:00","date_gmt":"2025-12-08T23:00:00","guid":{"rendered":"http:\/\/stadt-adventskalender.de\/rixdorf\/?p=253"},"modified":"2025-11-06T21:36:05","modified_gmt":"2025-11-06T20:36:05","slug":"09-2","status":"publish","type":"post","link":"https:\/\/stadt-adventskalender.de\/rixdorf\/cs\/09-2\/","title":{"rendered":"09"},"content":{"rendered":"<h1>9<img loading=\"lazy\" decoding=\"async\" class=\"alignnone wp-image-86 size-full\" src=\"https:\/\/stadt-adventskalender.de\/rixdorf\/wp-content\/uploads\/sites\/14\/2019\/11\/09.png\" alt=\"\" width=\"300\" height=\"300\" srcset=\"https:\/\/stadt-adventskalender.de\/rixdorf\/wp-content\/uploads\/sites\/14\/2019\/11\/09.png 300w, https:\/\/stadt-adventskalender.de\/rixdorf\/wp-content\/uploads\/sites\/14\/2019\/11\/09-150x150.png 150w\" sizes=\"auto, (max-width: 300px) 100vw, 300px\" \/><\/h1>\n<h4>\u0160t\u011bst\u00ed jako prase<\/h4>\n<p>V 80. letech se politici v z\u00e1padn\u00edm Berl\u00edn\u011b s pam\u00e1tkovou p\u00e9\u010d\u00ed moc nemazlili, i \u010dty\u0159i domy v Neuk\u00f6llnu, zabran\u00e9 levicov\u00fdmi aktivisty, m\u011bly b\u00fdt str\u017eeny. Jeden z nich se nach\u00e1z\u00ed na n\u00e1m\u011bst\u00ed Richardplatz, dnes ho lze poznat podle kovan\u00e9ho plotu s prasetem. Jm\u00e9nem aktivist\u016f \u00fasp\u011b\u0161n\u011b vyjedn\u00e1val s berl\u00ednsk\u00fdm sen\u00e1tem far\u00e1\u0159 Sch\u00f6nleber z Ochranovsk\u00e9ho sboru, kter\u00fd pro v\u0161echny vymohl platn\u00e9 n\u00e1jemn\u00ed smlouvy. Kdy\u017e sboru b\u011bhem jednoho mezin\u00e1rodn\u00edho setk\u00e1n\u00ed hudebn\u00edch soubor\u016f chyb\u011blo ubytov\u00e1n\u00ed, mohli se b\u00fdval\u00ed squatte\u0159i revan\u0161ovat. Zvl\u00e1\u0161\u0165 pro soubor ze Surinamu zrenovovali t\u0159i pokoje sv\u00e9ho domu, zp\u011bv\u00e1ci byli nad\u0161en\u00ed.<\/p>\n","protected":false},"excerpt":{"rendered":"<p>9 \u0160t\u011bst\u00ed jako prase V 80. letech se politici v z\u00e1padn\u00edm Berl\u00edn\u011b s pam\u00e1tkovou p\u00e9\u010d\u00ed moc nemazlili, i \u010dty\u0159i domy v Neuk\u00f6llnu, zabran\u00e9 levicov\u00fdmi aktivisty, m\u011bly b\u00fdt str\u017eeny. Jeden z nich se nach\u00e1z\u00ed na n\u00e1m\u011bst\u00ed Richardplatz, dnes ho lze poznat podle kovan\u00e9ho plotu s prasetem. Jm\u00e9nem aktivist\u016f \u00fasp\u011b\u0161n\u011b vyjedn\u00e1val s berl\u00ednsk\u00fdm sen\u00e1tem far\u00e1\u0159 Sch\u00f6nleber z &hellip; <a href=\"https:\/\/stadt-adventskalender.de\/rixdorf\/cs\/09-2\/\" class=\"more-link\"><span class=\"screen-reader-text\">09<\/span> weiterlesen<\/a><\/p>\n","protected":false},"author":1,"featured_media":0,"comment_status":"closed","ping_status":"open","sticky":false,"template":"","format":"standard","meta":{"footnotes":""},"categories":[4],"tags":[],"class_list":["post-253","post","type-post","status-publish","format-standard","hentry","category-alle-offenen-turchen"],"translation":{"provider":"WPGlobus","version":"3.0.0","language":"cs","enabled_languages":["de","en","cs"],"languages":{"de":{"title":true,"content":true,"excerpt":false},"en":{"title":true,"content":true,"excerpt":false},"cs":{"title":true,"content":true,"excerpt":false}}},"publishpress_future_action":{"enabled":false,"date":"2026-05-08 18:50:09","action":"change-status","newStatus":"draft","terms":[],"taxonomy":"category","extraData":[]},"publishpress_future_workflow_manual_trigger":{"enabledWorkflows":[]},"_links":{"self":[{"href":"https:\/\/stadt-adventskalender.de\/rixdorf\/cs\/wp-json\/wp\/v2\/posts\/253","targetHints":{"allow":["GET"]}}],"collection":[{"href":"https:\/\/stadt-adventskalender.de\/rixdorf\/cs\/wp-json\/wp\/v2\/posts"}],"about":[{"href":"https:\/\/stadt-adventskalender.de\/rixdorf\/cs\/wp-json\/wp\/v2\/types\/post"}],"author":[{"embeddable":true,"href":"https:\/\/stadt-adventskalender.de\/rixdorf\/cs\/wp-json\/wp\/v2\/users\/1"}],"replies":[{"embeddable":true,"href":"https:\/\/stadt-adventskalender.de\/rixdorf\/cs\/wp-json\/wp\/v2\/comments?post=253"}],"version-history":[{"count":4,"href":"https:\/\/stadt-adventskalender.de\/rixdorf\/cs\/wp-json\/wp\/v2\/posts\/253\/revisions"}],"predecessor-version":[{"id":662,"href":"https:\/\/stadt-adventskalender.de\/rixdorf\/cs\/wp-json\/wp\/v2\/posts\/253\/revisions\/662"}],"wp:attachment":[{"href":"https:\/\/stadt-adventskalender.de\/rixdorf\/cs\/wp-json\/wp\/v2\/media?parent=253"}],"wp:term":[{"taxonomy":"category","embeddable":true,"href":"https:\/\/stadt-adventskalender.de\/rixdorf\/cs\/wp-json\/wp\/v2\/categories?post=253"},{"taxonomy":"post_tag","embeddable":true,"href":"https:\/\/stadt-adventskalender.de\/rixdorf\/cs\/wp-json\/wp\/v2\/tags?post=253"}],"curies":[{"name":"wp","href":"https:\/\/api.w.org\/{rel}","templated":true}]}}