{"id":251,"date":"2025-12-08T00:00:00","date_gmt":"2025-12-07T23:00:00","guid":{"rendered":"http:\/\/stadt-adventskalender.de\/rixdorf\/?p=251"},"modified":"2025-11-06T21:36:11","modified_gmt":"2025-11-06T20:36:11","slug":"08-2","status":"publish","type":"post","link":"https:\/\/stadt-adventskalender.de\/rixdorf\/cs\/08-2\/","title":{"rendered":"08"},"content":{"rendered":"<h1>8<img loading=\"lazy\" decoding=\"async\" class=\"alignnone wp-image-85 size-full\" src=\"https:\/\/stadt-adventskalender.de\/rixdorf\/wp-content\/uploads\/sites\/14\/2019\/11\/08.png\" alt=\"\" width=\"300\" height=\"300\" srcset=\"https:\/\/stadt-adventskalender.de\/rixdorf\/wp-content\/uploads\/sites\/14\/2019\/11\/08.png 300w, https:\/\/stadt-adventskalender.de\/rixdorf\/wp-content\/uploads\/sites\/14\/2019\/11\/08-150x150.png 150w\" sizes=\"auto, (max-width: 300px) 100vw, 300px\" \/><\/h1>\n<h4>Hv\u011bzda z Betl\u00e9ma<\/h4>\n<p>O sv\u00e1te\u010dn\u00ed atmosf\u00e9ru b\u011bhem adventu se v uli\u010dce Kirchgasse star\u00e1 mno\u017estv\u00ed ochranovsk\u00fdch hv\u011bzd. Prvn\u00ed hv\u011bzda vznikla v 19. stolet\u00ed z pap\u00edru a kartonu na intern\u00e1tu jednoty bratrsk\u00e9 v Ochranov\u011b; vyrobily ji zde d\u011bti mision\u00e1\u0159\u016f. Tehdy ji dod\u00e1vala z\u00e1\u0159 lojov\u00e1 sv\u00edce. Nejmen\u0161\u00ed ochranovsk\u00e1 hv\u011bzda le\u017e\u00ed ve vitr\u00edn\u011b muzea v Kirchgasse. Stejn\u011b jako jej\u00ed velk\u00e9 sest\u0159i\u010dky m\u00e1 i ona 17 \u010dtverat\u00fdch a 8 troj\u00faheln\u00edkov\u00fdch paprsk\u016f.<\/p>\n","protected":false},"excerpt":{"rendered":"<p>8 Hv\u011bzda z Betl\u00e9ma O sv\u00e1te\u010dn\u00ed atmosf\u00e9ru b\u011bhem adventu se v uli\u010dce Kirchgasse star\u00e1 mno\u017estv\u00ed ochranovsk\u00fdch hv\u011bzd. Prvn\u00ed hv\u011bzda vznikla v 19. stolet\u00ed z pap\u00edru a kartonu na intern\u00e1tu jednoty bratrsk\u00e9 v Ochranov\u011b; vyrobily ji zde d\u011bti mision\u00e1\u0159\u016f. Tehdy ji dod\u00e1vala z\u00e1\u0159 lojov\u00e1 sv\u00edce. Nejmen\u0161\u00ed ochranovsk\u00e1 hv\u011bzda le\u017e\u00ed ve vitr\u00edn\u011b muzea v Kirchgasse. Stejn\u011b jako &hellip; <a href=\"https:\/\/stadt-adventskalender.de\/rixdorf\/cs\/08-2\/\" class=\"more-link\"><span class=\"screen-reader-text\">08<\/span> weiterlesen<\/a><\/p>\n","protected":false},"author":1,"featured_media":0,"comment_status":"closed","ping_status":"open","sticky":false,"template":"","format":"standard","meta":{"footnotes":""},"categories":[4],"tags":[],"class_list":["post-251","post","type-post","status-publish","format-standard","hentry","category-alle-offenen-turchen"],"translation":{"provider":"WPGlobus","version":"3.0.0","language":"cs","enabled_languages":["de","en","cs"],"languages":{"de":{"title":true,"content":true,"excerpt":false},"en":{"title":true,"content":true,"excerpt":false},"cs":{"title":true,"content":true,"excerpt":false}}},"publishpress_future_action":{"enabled":false,"date":"2026-05-08 18:51:20","action":"change-status","newStatus":"draft","terms":[],"taxonomy":"category","extraData":[]},"publishpress_future_workflow_manual_trigger":{"enabledWorkflows":[]},"_links":{"self":[{"href":"https:\/\/stadt-adventskalender.de\/rixdorf\/cs\/wp-json\/wp\/v2\/posts\/251","targetHints":{"allow":["GET"]}}],"collection":[{"href":"https:\/\/stadt-adventskalender.de\/rixdorf\/cs\/wp-json\/wp\/v2\/posts"}],"about":[{"href":"https:\/\/stadt-adventskalender.de\/rixdorf\/cs\/wp-json\/wp\/v2\/types\/post"}],"author":[{"embeddable":true,"href":"https:\/\/stadt-adventskalender.de\/rixdorf\/cs\/wp-json\/wp\/v2\/users\/1"}],"replies":[{"embeddable":true,"href":"https:\/\/stadt-adventskalender.de\/rixdorf\/cs\/wp-json\/wp\/v2\/comments?post=251"}],"version-history":[{"count":5,"href":"https:\/\/stadt-adventskalender.de\/rixdorf\/cs\/wp-json\/wp\/v2\/posts\/251\/revisions"}],"predecessor-version":[{"id":658,"href":"https:\/\/stadt-adventskalender.de\/rixdorf\/cs\/wp-json\/wp\/v2\/posts\/251\/revisions\/658"}],"wp:attachment":[{"href":"https:\/\/stadt-adventskalender.de\/rixdorf\/cs\/wp-json\/wp\/v2\/media?parent=251"}],"wp:term":[{"taxonomy":"category","embeddable":true,"href":"https:\/\/stadt-adventskalender.de\/rixdorf\/cs\/wp-json\/wp\/v2\/categories?post=251"},{"taxonomy":"post_tag","embeddable":true,"href":"https:\/\/stadt-adventskalender.de\/rixdorf\/cs\/wp-json\/wp\/v2\/tags?post=251"}],"curies":[{"name":"wp","href":"https:\/\/api.w.org\/{rel}","templated":true}]}}