{"id":249,"date":"2025-12-07T00:00:00","date_gmt":"2025-12-06T23:00:00","guid":{"rendered":"http:\/\/stadt-adventskalender.de\/rixdorf\/?p=249"},"modified":"2025-11-06T21:36:20","modified_gmt":"2025-11-06T20:36:20","slug":"07-2","status":"publish","type":"post","link":"https:\/\/stadt-adventskalender.de\/rixdorf\/cs\/07-2\/","title":{"rendered":"07"},"content":{"rendered":"<h1>7<img loading=\"lazy\" decoding=\"async\" class=\"alignnone wp-image-84 size-full\" src=\"https:\/\/stadt-adventskalender.de\/rixdorf\/wp-content\/uploads\/sites\/14\/2019\/11\/07.png\" alt=\"\" width=\"300\" height=\"300\" srcset=\"https:\/\/stadt-adventskalender.de\/rixdorf\/wp-content\/uploads\/sites\/14\/2019\/11\/07.png 300w, https:\/\/stadt-adventskalender.de\/rixdorf\/wp-content\/uploads\/sites\/14\/2019\/11\/07-150x150.png 150w\" sizes=\"auto, (max-width: 300px) 100vw, 300px\" \/><\/h1>\n<h4><\/h4>\n<p>Hrab\u011b z Hertzbergu, po kter\u00e9m je pojmenovan\u00e1 ulice Hertzbergstra\u00dfe, se po opu\u0161t\u011bn\u00ed postu v\u00e1le\u010dn\u00e9ho ministra za Fridricha Velik\u00e9ho usadil na sv\u00e9m ryt\u00ed\u0159sk\u00e9m panstv\u00ed v Britzu nejen na odpo\u010dinek, ale rozhodl se zda vybudovat p\u0159\u00edkladn\u00e9 zem\u011bd\u011blsk\u00e9 hospod\u00e1\u0159stv\u00ed. D\u00edky v\u00edce ne\u017e 100 krav\u00e1m se z jeho dvora stala nejv\u011bt\u0161\u00ed ml\u00e9k\u00e1rna Pruska. Aby mohl \u010derstv\u00e9 ml\u00e9ko prod\u00e1vat ve sv\u00e9m m\u011bstsk\u00e9m dom\u011b v berl\u00ednsk\u00e9 ulici Oberwallstra\u00dfe, za\u010dal z bahnit\u00fdch cest budovat zpevn\u011bn\u00e9 silnice. Ale obyvatel\u00e9 Rixdorfu se dl\u00e1\u017ed\u011bn\u00ed ulic br\u00e1nili, b\u00e1li se, \u017ee se po nich naopak do Rixdorfu dostane l\u016fza. Hertzberg proto kr\u00e1tce na to koupil rixdorfsk\u00fd rycht\u00e1\u0159sk\u00fd dv\u016fr na n\u00e1m\u011bst\u00ed Richardplatz a vystav\u011bl jako prvn\u00ed ulici Bergstra\u00dfe, dne\u0161n\u00ed Ulici Karla Marxe.<\/p>\n","protected":false},"excerpt":{"rendered":"<p>7 Hrab\u011b z Hertzbergu, po kter\u00e9m je pojmenovan\u00e1 ulice Hertzbergstra\u00dfe, se po opu\u0161t\u011bn\u00ed postu v\u00e1le\u010dn\u00e9ho ministra za Fridricha Velik\u00e9ho usadil na sv\u00e9m ryt\u00ed\u0159sk\u00e9m panstv\u00ed v Britzu nejen na odpo\u010dinek, ale rozhodl se zda vybudovat p\u0159\u00edkladn\u00e9 zem\u011bd\u011blsk\u00e9 hospod\u00e1\u0159stv\u00ed. D\u00edky v\u00edce ne\u017e 100 krav\u00e1m se z jeho dvora stala nejv\u011bt\u0161\u00ed ml\u00e9k\u00e1rna Pruska. Aby mohl \u010derstv\u00e9 ml\u00e9ko prod\u00e1vat &hellip; <a href=\"https:\/\/stadt-adventskalender.de\/rixdorf\/cs\/07-2\/\" class=\"more-link\"><span class=\"screen-reader-text\">07<\/span> weiterlesen<\/a><\/p>\n","protected":false},"author":1,"featured_media":0,"comment_status":"closed","ping_status":"open","sticky":false,"template":"","format":"standard","meta":{"footnotes":""},"categories":[4],"tags":[],"class_list":["post-249","post","type-post","status-publish","format-standard","hentry","category-alle-offenen-turchen"],"translation":{"provider":"WPGlobus","version":"3.0.0","language":"cs","enabled_languages":["de","en","cs"],"languages":{"de":{"title":true,"content":true,"excerpt":false},"en":{"title":true,"content":true,"excerpt":false},"cs":{"title":true,"content":true,"excerpt":false}}},"publishpress_future_action":{"enabled":false,"date":"2026-05-08 18:50:10","action":"change-status","newStatus":"draft","terms":[],"taxonomy":"category","extraData":[]},"publishpress_future_workflow_manual_trigger":{"enabledWorkflows":[]},"_links":{"self":[{"href":"https:\/\/stadt-adventskalender.de\/rixdorf\/cs\/wp-json\/wp\/v2\/posts\/249","targetHints":{"allow":["GET"]}}],"collection":[{"href":"https:\/\/stadt-adventskalender.de\/rixdorf\/cs\/wp-json\/wp\/v2\/posts"}],"about":[{"href":"https:\/\/stadt-adventskalender.de\/rixdorf\/cs\/wp-json\/wp\/v2\/types\/post"}],"author":[{"embeddable":true,"href":"https:\/\/stadt-adventskalender.de\/rixdorf\/cs\/wp-json\/wp\/v2\/users\/1"}],"replies":[{"embeddable":true,"href":"https:\/\/stadt-adventskalender.de\/rixdorf\/cs\/wp-json\/wp\/v2\/comments?post=249"}],"version-history":[{"count":6,"href":"https:\/\/stadt-adventskalender.de\/rixdorf\/cs\/wp-json\/wp\/v2\/posts\/249\/revisions"}],"predecessor-version":[{"id":653,"href":"https:\/\/stadt-adventskalender.de\/rixdorf\/cs\/wp-json\/wp\/v2\/posts\/249\/revisions\/653"}],"wp:attachment":[{"href":"https:\/\/stadt-adventskalender.de\/rixdorf\/cs\/wp-json\/wp\/v2\/media?parent=249"}],"wp:term":[{"taxonomy":"category","embeddable":true,"href":"https:\/\/stadt-adventskalender.de\/rixdorf\/cs\/wp-json\/wp\/v2\/categories?post=249"},{"taxonomy":"post_tag","embeddable":true,"href":"https:\/\/stadt-adventskalender.de\/rixdorf\/cs\/wp-json\/wp\/v2\/tags?post=249"}],"curies":[{"name":"wp","href":"https:\/\/api.w.org\/{rel}","templated":true}]}}