{"id":247,"date":"2025-12-06T00:00:00","date_gmt":"2025-12-05T23:00:00","guid":{"rendered":"http:\/\/stadt-adventskalender.de\/rixdorf\/?p=247"},"modified":"2025-11-06T21:36:25","modified_gmt":"2025-11-06T20:36:25","slug":"06-2","status":"publish","type":"post","link":"https:\/\/stadt-adventskalender.de\/rixdorf\/cs\/06-2\/","title":{"rendered":"06"},"content":{"rendered":"<h1>6<img loading=\"lazy\" decoding=\"async\" class=\"alignnone wp-image-83 size-full\" src=\"https:\/\/stadt-adventskalender.de\/rixdorf\/wp-content\/uploads\/sites\/14\/2019\/11\/06.png\" alt=\"\" width=\"300\" height=\"300\" srcset=\"https:\/\/stadt-adventskalender.de\/rixdorf\/wp-content\/uploads\/sites\/14\/2019\/11\/06.png 300w, https:\/\/stadt-adventskalender.de\/rixdorf\/wp-content\/uploads\/sites\/14\/2019\/11\/06-150x150.png 150w\" sizes=\"auto, (max-width: 300px) 100vw, 300px\" \/><\/h1>\n<h4><\/h4>\n<p>Neuk\u00f6lln a jeho d\u011blnictvo nikdy nem\u011bly p\u0159\u00edli\u0161 mnoho smyslu pro vil\u00e9msk\u00fd patos. Jezdeck\u00fd pomn\u00edk c\u00edsa\u0159e Vil\u00e9ma I. (Vil\u00e9ma Velik\u00e9ho, jak st\u00e1lo ob\u0159\u00edmi p\u00edsmeny na podstavci), byl ji\u017e kr\u00e1tce po odhalen\u00ed zarostl\u00fd plevelem. Na konci druh\u00e9 sv\u011btov\u00e9 v\u00e1lky byl pomn\u00edk roztaven, dnes na jeho n\u011bkdej\u0161\u00ed existenci upom\u00ednaj\u00ed u\u017e jen z\u00e1klady. Vrchol cel\u00e9ho p\u0159\u00edb\u011bhu \u2013 d\u0159\u00edv\u011bj\u0161\u00ed N\u00e1m\u011bst\u00ed Hohenzollern\u016f, na n\u011bm\u017e pomn\u00edk st\u00e1val, bylo v roce 1945 p\u0159ejmenov\u00e1no na N\u00e1m\u011bst\u00ed Karla Marxe.<\/p>\n","protected":false},"excerpt":{"rendered":"<p>6 Neuk\u00f6lln a jeho d\u011blnictvo nikdy nem\u011bly p\u0159\u00edli\u0161 mnoho smyslu pro vil\u00e9msk\u00fd patos. Jezdeck\u00fd pomn\u00edk c\u00edsa\u0159e Vil\u00e9ma I. (Vil\u00e9ma Velik\u00e9ho, jak st\u00e1lo ob\u0159\u00edmi p\u00edsmeny na podstavci), byl ji\u017e kr\u00e1tce po odhalen\u00ed zarostl\u00fd plevelem. Na konci druh\u00e9 sv\u011btov\u00e9 v\u00e1lky byl pomn\u00edk roztaven, dnes na jeho n\u011bkdej\u0161\u00ed existenci upom\u00ednaj\u00ed u\u017e jen z\u00e1klady. Vrchol cel\u00e9ho p\u0159\u00edb\u011bhu \u2013 d\u0159\u00edv\u011bj\u0161\u00ed &hellip; <a href=\"https:\/\/stadt-adventskalender.de\/rixdorf\/cs\/06-2\/\" class=\"more-link\"><span class=\"screen-reader-text\">06<\/span> weiterlesen<\/a><\/p>\n","protected":false},"author":1,"featured_media":0,"comment_status":"closed","ping_status":"open","sticky":false,"template":"","format":"standard","meta":{"footnotes":""},"categories":[4],"tags":[],"class_list":["post-247","post","type-post","status-publish","format-standard","hentry","category-alle-offenen-turchen"],"translation":{"provider":"WPGlobus","version":"3.0.0","language":"cs","enabled_languages":["de","en","cs"],"languages":{"de":{"title":true,"content":true,"excerpt":false},"en":{"title":true,"content":true,"excerpt":false},"cs":{"title":true,"content":true,"excerpt":false}}},"publishpress_future_action":{"enabled":false,"date":"2026-05-08 18:50:22","action":"change-status","newStatus":"draft","terms":[],"taxonomy":"category","extraData":[]},"publishpress_future_workflow_manual_trigger":{"enabledWorkflows":[]},"_links":{"self":[{"href":"https:\/\/stadt-adventskalender.de\/rixdorf\/cs\/wp-json\/wp\/v2\/posts\/247","targetHints":{"allow":["GET"]}}],"collection":[{"href":"https:\/\/stadt-adventskalender.de\/rixdorf\/cs\/wp-json\/wp\/v2\/posts"}],"about":[{"href":"https:\/\/stadt-adventskalender.de\/rixdorf\/cs\/wp-json\/wp\/v2\/types\/post"}],"author":[{"embeddable":true,"href":"https:\/\/stadt-adventskalender.de\/rixdorf\/cs\/wp-json\/wp\/v2\/users\/1"}],"replies":[{"embeddable":true,"href":"https:\/\/stadt-adventskalender.de\/rixdorf\/cs\/wp-json\/wp\/v2\/comments?post=247"}],"version-history":[{"count":4,"href":"https:\/\/stadt-adventskalender.de\/rixdorf\/cs\/wp-json\/wp\/v2\/posts\/247\/revisions"}],"predecessor-version":[{"id":651,"href":"https:\/\/stadt-adventskalender.de\/rixdorf\/cs\/wp-json\/wp\/v2\/posts\/247\/revisions\/651"}],"wp:attachment":[{"href":"https:\/\/stadt-adventskalender.de\/rixdorf\/cs\/wp-json\/wp\/v2\/media?parent=247"}],"wp:term":[{"taxonomy":"category","embeddable":true,"href":"https:\/\/stadt-adventskalender.de\/rixdorf\/cs\/wp-json\/wp\/v2\/categories?post=247"},{"taxonomy":"post_tag","embeddable":true,"href":"https:\/\/stadt-adventskalender.de\/rixdorf\/cs\/wp-json\/wp\/v2\/tags?post=247"}],"curies":[{"name":"wp","href":"https:\/\/api.w.org\/{rel}","templated":true}]}}