{"id":241,"date":"2025-12-04T00:00:00","date_gmt":"2025-12-03T23:00:00","guid":{"rendered":"http:\/\/stadt-adventskalender.de\/rixdorf\/?p=241"},"modified":"2025-11-06T21:36:38","modified_gmt":"2025-11-06T20:36:38","slug":"04-2","status":"publish","type":"post","link":"https:\/\/stadt-adventskalender.de\/rixdorf\/cs\/04-2\/","title":{"rendered":"04"},"content":{"rendered":"<h1>4<img loading=\"lazy\" decoding=\"async\" class=\"alignnone wp-image-81 size-full\" src=\"https:\/\/stadt-adventskalender.de\/rixdorf\/wp-content\/uploads\/sites\/14\/2019\/11\/04.png\" alt=\"\" width=\"300\" height=\"300\" srcset=\"https:\/\/stadt-adventskalender.de\/rixdorf\/wp-content\/uploads\/sites\/14\/2019\/11\/04.png 300w, https:\/\/stadt-adventskalender.de\/rixdorf\/wp-content\/uploads\/sites\/14\/2019\/11\/04-150x150.png 150w\" sizes=\"auto, (max-width: 300px) 100vw, 300px\" \/><\/h1>\n<h4>Ml\u00fdny na cest\u00e1ch<\/h4>\n<p>Porouchan\u00e1 neonov\u00e1 reklama hudebnin Bading v ulici Karl-Marx-Stra\u00dfe je\u0161t\u011b p\u0159ipom\u00edn\u00e1 n\u011bkdej\u0161\u00ed \u00fasp\u011bch. Po z\u00e1sahu rachejtl\u00ed byl interi\u00e9r tohoto s l\u00e1skou veden\u00e9ho hudebn\u00edho podniku o Silvestru 2017 \u00fapln\u011b zni\u010den. A p\u0159itom nem\u011bla rodina Badingov\u00fdch na za\u010d\u00e1tku s hudbou nic spole\u010dn\u00e9ho \u2013 Joachim Friedrich Bading se do Rixdorfu p\u0159ist\u011bhoval v roce 1743 jako v\u011btrn\u00fd mlyn\u00e1\u0159. Tady si koupil N\u011bmeck\u00fd ml\u00fdn, kter\u00fd si do t\u00e9 doby pronaj\u00edmal, a domek na n\u00e1m\u011bst\u00ed Richardplatz, kter\u00fd k ml\u00fdnu pat\u0159il. V roce 1771 pak Bading p\u0159evzal i \u010cesk\u00fd ml\u00fdn, kter\u00fd nechal rozebrat a znovu postavit vedle sv\u00e9ho N\u011bmeck\u00e9ho ml\u00fdnu. Od konce 19. stolet\u00ed se \u010cesk\u00fd ml\u00fdn ot\u00e1\u010d\u00ed v J\u00fcterbogu v Braniborsku.<\/p>\n","protected":false},"excerpt":{"rendered":"<p>4 Ml\u00fdny na cest\u00e1ch Porouchan\u00e1 neonov\u00e1 reklama hudebnin Bading v ulici Karl-Marx-Stra\u00dfe je\u0161t\u011b p\u0159ipom\u00edn\u00e1 n\u011bkdej\u0161\u00ed \u00fasp\u011bch. Po z\u00e1sahu rachejtl\u00ed byl interi\u00e9r tohoto s l\u00e1skou veden\u00e9ho hudebn\u00edho podniku o Silvestru 2017 \u00fapln\u011b zni\u010den. A p\u0159itom nem\u011bla rodina Badingov\u00fdch na za\u010d\u00e1tku s hudbou nic spole\u010dn\u00e9ho \u2013 Joachim Friedrich Bading se do Rixdorfu p\u0159ist\u011bhoval v roce 1743 jako &hellip; <a href=\"https:\/\/stadt-adventskalender.de\/rixdorf\/cs\/04-2\/\" class=\"more-link\"><span class=\"screen-reader-text\">04<\/span> weiterlesen<\/a><\/p>\n","protected":false},"author":1,"featured_media":0,"comment_status":"closed","ping_status":"open","sticky":false,"template":"","format":"standard","meta":{"footnotes":""},"categories":[4],"tags":[],"class_list":["post-241","post","type-post","status-publish","format-standard","hentry","category-alle-offenen-turchen"],"translation":{"provider":"WPGlobus","version":"3.0.0","language":"cs","enabled_languages":["de","en","cs"],"languages":{"de":{"title":true,"content":true,"excerpt":false},"en":{"title":true,"content":true,"excerpt":false},"cs":{"title":true,"content":true,"excerpt":false}}},"publishpress_future_action":{"enabled":false,"date":"2026-05-08 18:50:45","action":"change-status","newStatus":"draft","terms":[],"taxonomy":"category","extraData":[]},"publishpress_future_workflow_manual_trigger":{"enabledWorkflows":[]},"_links":{"self":[{"href":"https:\/\/stadt-adventskalender.de\/rixdorf\/cs\/wp-json\/wp\/v2\/posts\/241","targetHints":{"allow":["GET"]}}],"collection":[{"href":"https:\/\/stadt-adventskalender.de\/rixdorf\/cs\/wp-json\/wp\/v2\/posts"}],"about":[{"href":"https:\/\/stadt-adventskalender.de\/rixdorf\/cs\/wp-json\/wp\/v2\/types\/post"}],"author":[{"embeddable":true,"href":"https:\/\/stadt-adventskalender.de\/rixdorf\/cs\/wp-json\/wp\/v2\/users\/1"}],"replies":[{"embeddable":true,"href":"https:\/\/stadt-adventskalender.de\/rixdorf\/cs\/wp-json\/wp\/v2\/comments?post=241"}],"version-history":[{"count":4,"href":"https:\/\/stadt-adventskalender.de\/rixdorf\/cs\/wp-json\/wp\/v2\/posts\/241\/revisions"}],"predecessor-version":[{"id":435,"href":"https:\/\/stadt-adventskalender.de\/rixdorf\/cs\/wp-json\/wp\/v2\/posts\/241\/revisions\/435"}],"wp:attachment":[{"href":"https:\/\/stadt-adventskalender.de\/rixdorf\/cs\/wp-json\/wp\/v2\/media?parent=241"}],"wp:term":[{"taxonomy":"category","embeddable":true,"href":"https:\/\/stadt-adventskalender.de\/rixdorf\/cs\/wp-json\/wp\/v2\/categories?post=241"},{"taxonomy":"post_tag","embeddable":true,"href":"https:\/\/stadt-adventskalender.de\/rixdorf\/cs\/wp-json\/wp\/v2\/tags?post=241"}],"curies":[{"name":"wp","href":"https:\/\/api.w.org\/{rel}","templated":true}]}}