{"id":180,"date":"2025-12-24T00:00:00","date_gmt":"2025-12-23T23:00:00","guid":{"rendered":"http:\/\/stadt-adventskalender.de\/rixdorf\/?p=180"},"modified":"2025-11-06T21:34:20","modified_gmt":"2025-11-06T20:34:20","slug":"24-2","status":"publish","type":"post","link":"https:\/\/stadt-adventskalender.de\/rixdorf\/cs\/24-2\/","title":{"rendered":"24"},"content":{"rendered":"<h1>24<img loading=\"lazy\" decoding=\"async\" class=\"alignnone wp-image-101 size-full\" src=\"https:\/\/stadt-adventskalender.de\/rixdorf\/wp-content\/uploads\/sites\/14\/2019\/11\/24.png\" alt=\"\" width=\"300\" height=\"300\" srcset=\"https:\/\/stadt-adventskalender.de\/rixdorf\/wp-content\/uploads\/sites\/14\/2019\/11\/24.png 300w, https:\/\/stadt-adventskalender.de\/rixdorf\/wp-content\/uploads\/sites\/14\/2019\/11\/24-150x150.png 150w\" sizes=\"auto, (max-width: 300px) 100vw, 300px\" \/><\/h1>\n<h4>V\u00e1no\u010dn\u00ed p\u0159\u00e1n\u00ed<\/h4>\n<p>Na n\u00e1m\u011bst\u00ed Richardplatz stoj\u00ed mal\u00fd kostel, vyzd\u011bn\u00fd z valoun\u016f. Zde se v roce 1737 konala prvn\u00ed \u010desk\u00e1 bohoslu\u017eba. Ale a\u017e od roku 1912 se tento kostel jmenuje Betl\u00e9msk\u00fd \u2013 podle stejnojmenn\u00e9 Betl\u00e9msk\u00e9 kaple v Praze, ve kter\u00e9 k\u00e1zal \u010desk\u00fd reform\u00e1tor Jan Hus.<br \/>\nNa olt\u00e1\u0159n\u00edm obraze zved\u00e1 Kristus ruku k po\u017eehn\u00e1n\u00ed. Origin\u00e1l tohoto obrazu se dnes nach\u00e1z\u00ed v dr\u00e1\u017e\u010fansk\u00e9 galerii. Tento \u201e\u017dehnaj\u00edc\u00ed Kristus\u201c ben\u00e1tsk\u00e9ho mal\u00ed\u0159e Cima da Conegliano z roku 1506 byl tak vysoce cen\u011bn, \u017ee byl v 19. \/ na za\u010d\u00e1tku 20. stolet\u00ed n\u011bkolikr\u00e1t zkop\u00edrov\u00e1n a um\u00edst\u011bn v r\u016fzn\u00fdch kostelech, nap\u0159\u00edklad v sask\u00fdch kostelech Brockwitz, B\u00e4rwalde, Graupa \u2013 a v Rixdorfu.<br \/>\nOd sv\u00e9ho p\u0159\u00edchodu do Rixdorfu zp\u00edv\u00e1 obec ka\u017ed\u00fd rok na V\u00e1noce \u010deskou koledu \u201e\u010cas radosti\u201c.<\/p>\n<p><iframe loading=\"lazy\" src=\"https:\/\/www.youtube.com\/embed\/nB5wNBUS5HY\" width=\"300\" height=\"170\" frameborder=\"0\" allowfullscreen=\"allowfullscreen\" data-mce-fragment=\"1\"><\/iframe><\/p>\n<p class=\"startseite\">Gesegnete Weihnachten!<\/p>\n","protected":false},"excerpt":{"rendered":"<p>24 V\u00e1no\u010dn\u00ed p\u0159\u00e1n\u00ed Na n\u00e1m\u011bst\u00ed Richardplatz stoj\u00ed mal\u00fd kostel, vyzd\u011bn\u00fd z valoun\u016f. Zde se v roce 1737 konala prvn\u00ed \u010desk\u00e1 bohoslu\u017eba. Ale a\u017e od roku 1912 se tento kostel jmenuje Betl\u00e9msk\u00fd \u2013 podle stejnojmenn\u00e9 Betl\u00e9msk\u00e9 kaple v Praze, ve kter\u00e9 k\u00e1zal \u010desk\u00fd reform\u00e1tor Jan Hus. Na olt\u00e1\u0159n\u00edm obraze zved\u00e1 Kristus ruku k po\u017eehn\u00e1n\u00ed. Origin\u00e1l tohoto &hellip; <a href=\"https:\/\/stadt-adventskalender.de\/rixdorf\/cs\/24-2\/\" class=\"more-link\"><span class=\"screen-reader-text\">24<\/span> weiterlesen<\/a><\/p>\n","protected":false},"author":1,"featured_media":0,"comment_status":"closed","ping_status":"open","sticky":false,"template":"","format":"standard","meta":{"footnotes":""},"categories":[4,3],"tags":[],"class_list":["post-180","post","type-post","status-publish","format-standard","hentry","category-alle-offenen-turchen","category-heute"],"translation":{"provider":"WPGlobus","version":"3.0.0","language":"cs","enabled_languages":["de","en","cs"],"languages":{"de":{"title":true,"content":true,"excerpt":false},"en":{"title":true,"content":true,"excerpt":false},"cs":{"title":true,"content":true,"excerpt":false}}},"publishpress_future_action":{"enabled":false,"date":"2026-05-08 17:59:52","action":"change-status","newStatus":"draft","terms":[],"taxonomy":"category","extraData":[]},"publishpress_future_workflow_manual_trigger":{"enabledWorkflows":[]},"_links":{"self":[{"href":"https:\/\/stadt-adventskalender.de\/rixdorf\/cs\/wp-json\/wp\/v2\/posts\/180","targetHints":{"allow":["GET"]}}],"collection":[{"href":"https:\/\/stadt-adventskalender.de\/rixdorf\/cs\/wp-json\/wp\/v2\/posts"}],"about":[{"href":"https:\/\/stadt-adventskalender.de\/rixdorf\/cs\/wp-json\/wp\/v2\/types\/post"}],"author":[{"embeddable":true,"href":"https:\/\/stadt-adventskalender.de\/rixdorf\/cs\/wp-json\/wp\/v2\/users\/1"}],"replies":[{"embeddable":true,"href":"https:\/\/stadt-adventskalender.de\/rixdorf\/cs\/wp-json\/wp\/v2\/comments?post=180"}],"version-history":[{"count":13,"href":"https:\/\/stadt-adventskalender.de\/rixdorf\/cs\/wp-json\/wp\/v2\/posts\/180\/revisions"}],"predecessor-version":[{"id":674,"href":"https:\/\/stadt-adventskalender.de\/rixdorf\/cs\/wp-json\/wp\/v2\/posts\/180\/revisions\/674"}],"wp:attachment":[{"href":"https:\/\/stadt-adventskalender.de\/rixdorf\/cs\/wp-json\/wp\/v2\/media?parent=180"}],"wp:term":[{"taxonomy":"category","embeddable":true,"href":"https:\/\/stadt-adventskalender.de\/rixdorf\/cs\/wp-json\/wp\/v2\/categories?post=180"},{"taxonomy":"post_tag","embeddable":true,"href":"https:\/\/stadt-adventskalender.de\/rixdorf\/cs\/wp-json\/wp\/v2\/tags?post=180"}],"curies":[{"name":"wp","href":"https:\/\/api.w.org\/{rel}","templated":true}]}}