{"id":162,"date":"2025-12-18T00:00:00","date_gmt":"2025-12-17T23:00:00","guid":{"rendered":"http:\/\/stadt-adventskalender.de\/rixdorf\/?p=162"},"modified":"2025-11-06T21:35:05","modified_gmt":"2025-11-06T20:35:05","slug":"18-2","status":"publish","type":"post","link":"https:\/\/stadt-adventskalender.de\/rixdorf\/cs\/18-2\/","title":{"rendered":"18"},"content":{"rendered":"<h1>18<img loading=\"lazy\" decoding=\"async\" class=\"alignnone wp-image-33 size-full\" src=\"https:\/\/stadt-adventskalender.de\/rixdorf\/wp-content\/uploads\/sites\/14\/2019\/09\/18.png\" alt=\"\" width=\"300\" height=\"300\" srcset=\"https:\/\/stadt-adventskalender.de\/rixdorf\/wp-content\/uploads\/sites\/14\/2019\/09\/18.png 300w, https:\/\/stadt-adventskalender.de\/rixdorf\/wp-content\/uploads\/sites\/14\/2019\/09\/18-150x150.png 150w\" sizes=\"auto, (max-width: 300px) 100vw, 300px\" \/><\/h1>\n<h4>Heraldika<\/h4>\n<p>Na mnoha m\u00edstech Rixdorfu se objevuje husitsk\u00fd kalich, na modern\u00edm kostele, na star\u00e9 \u0161kole, na Betl\u00e9msk\u00e9m kostele na n\u00e1m\u011bst\u00ed Richardplatz \u2013 a ve znaku \u010dtvrti Neuk\u00f6lln. Tento symbol reprezentuje \u010desk\u00e9 osadn\u00edky. Ale pro\u010d? \u010ce\u0161i do Rixdorfu p\u0159i\u0161li z n\u00e1bo\u017eensk\u00fdch d\u016fvod\u016f. Vyzn\u00e1vali se k po\u017eadavk\u016fm \u010desk\u00e9ho reform\u00e1tora Jana Husa a po\u017eadovali rovnost v\u0161ech v\u011b\u0159\u00edc\u00edch, k \u010dem\u017e pat\u0159ilo p\u0159edev\u0161\u00edm svat\u00e9 p\u0159ij\u00edm\u00e1n\u00ed. Ka\u017ed\u00fd se m\u011bl t\u00e9to hostiny s chlebem a v\u00ednem rovnopr\u00e1vn\u011b \u00fa\u010dastnit, zat\u00edmco u katol\u00edk\u016f bylo v\u00edno ur\u010deno v\u00fdhradn\u011b pro duchovn\u00ed.<\/p>\n","protected":false},"excerpt":{"rendered":"<p>18 Heraldika Na mnoha m\u00edstech Rixdorfu se objevuje husitsk\u00fd kalich, na modern\u00edm kostele, na star\u00e9 \u0161kole, na Betl\u00e9msk\u00e9m kostele na n\u00e1m\u011bst\u00ed Richardplatz \u2013 a ve znaku \u010dtvrti Neuk\u00f6lln. Tento symbol reprezentuje \u010desk\u00e9 osadn\u00edky. Ale pro\u010d? \u010ce\u0161i do Rixdorfu p\u0159i\u0161li z n\u00e1bo\u017eensk\u00fdch d\u016fvod\u016f. Vyzn\u00e1vali se k po\u017eadavk\u016fm \u010desk\u00e9ho reform\u00e1tora Jana Husa a po\u017eadovali rovnost v\u0161ech v\u011b\u0159\u00edc\u00edch, &hellip; <a href=\"https:\/\/stadt-adventskalender.de\/rixdorf\/cs\/18-2\/\" class=\"more-link\"><span class=\"screen-reader-text\">18<\/span> weiterlesen<\/a><\/p>\n","protected":false},"author":1,"featured_media":0,"comment_status":"closed","ping_status":"open","sticky":false,"template":"","format":"standard","meta":{"footnotes":""},"categories":[4],"tags":[],"class_list":["post-162","post","type-post","status-publish","format-standard","hentry","category-alle-offenen-turchen"],"translation":{"provider":"WPGlobus","version":"3.0.0","language":"cs","enabled_languages":["de","en","cs"],"languages":{"de":{"title":true,"content":true,"excerpt":false},"en":{"title":true,"content":true,"excerpt":false},"cs":{"title":true,"content":true,"excerpt":false}}},"publishpress_future_action":{"enabled":false,"date":"2026-05-08 17:26:15","action":"change-status","newStatus":"draft","terms":[],"taxonomy":"category","extraData":[]},"publishpress_future_workflow_manual_trigger":{"enabledWorkflows":[]},"_links":{"self":[{"href":"https:\/\/stadt-adventskalender.de\/rixdorf\/cs\/wp-json\/wp\/v2\/posts\/162","targetHints":{"allow":["GET"]}}],"collection":[{"href":"https:\/\/stadt-adventskalender.de\/rixdorf\/cs\/wp-json\/wp\/v2\/posts"}],"about":[{"href":"https:\/\/stadt-adventskalender.de\/rixdorf\/cs\/wp-json\/wp\/v2\/types\/post"}],"author":[{"embeddable":true,"href":"https:\/\/stadt-adventskalender.de\/rixdorf\/cs\/wp-json\/wp\/v2\/users\/1"}],"replies":[{"embeddable":true,"href":"https:\/\/stadt-adventskalender.de\/rixdorf\/cs\/wp-json\/wp\/v2\/comments?post=162"}],"version-history":[{"count":6,"href":"https:\/\/stadt-adventskalender.de\/rixdorf\/cs\/wp-json\/wp\/v2\/posts\/162\/revisions"}],"predecessor-version":[{"id":604,"href":"https:\/\/stadt-adventskalender.de\/rixdorf\/cs\/wp-json\/wp\/v2\/posts\/162\/revisions\/604"}],"wp:attachment":[{"href":"https:\/\/stadt-adventskalender.de\/rixdorf\/cs\/wp-json\/wp\/v2\/media?parent=162"}],"wp:term":[{"taxonomy":"category","embeddable":true,"href":"https:\/\/stadt-adventskalender.de\/rixdorf\/cs\/wp-json\/wp\/v2\/categories?post=162"},{"taxonomy":"post_tag","embeddable":true,"href":"https:\/\/stadt-adventskalender.de\/rixdorf\/cs\/wp-json\/wp\/v2\/tags?post=162"}],"curies":[{"name":"wp","href":"https:\/\/api.w.org\/{rel}","templated":true}]}}