{"id":159,"date":"2025-12-17T00:00:00","date_gmt":"2025-12-16T23:00:00","guid":{"rendered":"http:\/\/stadt-adventskalender.de\/rixdorf\/?p=159"},"modified":"2025-11-06T21:35:13","modified_gmt":"2025-11-06T20:35:13","slug":"17-2","status":"publish","type":"post","link":"https:\/\/stadt-adventskalender.de\/rixdorf\/cs\/17-2\/","title":{"rendered":"17"},"content":{"rendered":"<h1>17<img loading=\"lazy\" decoding=\"async\" class=\"alignnone wp-image-32 size-full\" src=\"https:\/\/stadt-adventskalender.de\/rixdorf\/wp-content\/uploads\/sites\/14\/2019\/09\/17.png\" alt=\"\" width=\"300\" height=\"300\" srcset=\"https:\/\/stadt-adventskalender.de\/rixdorf\/wp-content\/uploads\/sites\/14\/2019\/09\/17.png 300w, https:\/\/stadt-adventskalender.de\/rixdorf\/wp-content\/uploads\/sites\/14\/2019\/09\/17-150x150.png 150w\" sizes=\"auto, (max-width: 300px) 100vw, 300px\" \/><\/h1>\n<h4>Ora et labora<\/h4>\n<p>B\u00fdval\u00e1 \u0161kola a modlitebna v ulici Kirchgasse je dnes domovem mal\u00e9ho, ale vyda\u0159en\u00e9ho vlastiv\u011bdn\u00e9ho muzea Jednoty bratrsk\u00e9 a \u201eArchivu v \u010cesk\u00e9 vesnici\u201c. V\u011bt\u0161ina poklad\u016f v muzeu poch\u00e1z\u00ed z rodinn\u00e9ho vlastnictv\u00ed, od potomk\u016f \u010cech\u016f, kte\u0159\u00ed se zde us\u00eddlili. Tkalcovsk\u00fd stav ve velikosti hra\u010dky upom\u00edn\u00e1 na dobu, kdy se zde je\u0161t\u011b na t\u0159ech stavech tkalo, zat\u00edmco ve vedlej\u0161\u00ed m\u00edstnosti se \u017e\u00e1ci u\u010dili \u010d\u00edst a ps\u00e1t. Ve \u0161t\u00edtu domu lze vid\u011bt husitsk\u00fd kalich.<\/p>\n","protected":false},"excerpt":{"rendered":"<p>17 Ora et labora B\u00fdval\u00e1 \u0161kola a modlitebna v ulici Kirchgasse je dnes domovem mal\u00e9ho, ale vyda\u0159en\u00e9ho vlastiv\u011bdn\u00e9ho muzea Jednoty bratrsk\u00e9 a \u201eArchivu v \u010cesk\u00e9 vesnici\u201c. V\u011bt\u0161ina poklad\u016f v muzeu poch\u00e1z\u00ed z rodinn\u00e9ho vlastnictv\u00ed, od potomk\u016f \u010cech\u016f, kte\u0159\u00ed se zde us\u00eddlili. Tkalcovsk\u00fd stav ve velikosti hra\u010dky upom\u00edn\u00e1 na dobu, kdy se zde je\u0161t\u011b na t\u0159ech &hellip; <a href=\"https:\/\/stadt-adventskalender.de\/rixdorf\/cs\/17-2\/\" class=\"more-link\"><span class=\"screen-reader-text\">17<\/span> weiterlesen<\/a><\/p>\n","protected":false},"author":1,"featured_media":0,"comment_status":"closed","ping_status":"open","sticky":false,"template":"","format":"standard","meta":{"footnotes":""},"categories":[4],"tags":[],"class_list":["post-159","post","type-post","status-publish","format-standard","hentry","category-alle-offenen-turchen"],"translation":{"provider":"WPGlobus","version":"3.0.0","language":"cs","enabled_languages":["de","en","cs"],"languages":{"de":{"title":true,"content":true,"excerpt":false},"en":{"title":true,"content":true,"excerpt":false},"cs":{"title":true,"content":true,"excerpt":false}}},"publishpress_future_action":{"enabled":false,"date":"2026-05-08 18:08:54","action":"change-status","newStatus":"draft","terms":[],"taxonomy":"category","extraData":[]},"publishpress_future_workflow_manual_trigger":{"enabledWorkflows":[]},"_links":{"self":[{"href":"https:\/\/stadt-adventskalender.de\/rixdorf\/cs\/wp-json\/wp\/v2\/posts\/159","targetHints":{"allow":["GET"]}}],"collection":[{"href":"https:\/\/stadt-adventskalender.de\/rixdorf\/cs\/wp-json\/wp\/v2\/posts"}],"about":[{"href":"https:\/\/stadt-adventskalender.de\/rixdorf\/cs\/wp-json\/wp\/v2\/types\/post"}],"author":[{"embeddable":true,"href":"https:\/\/stadt-adventskalender.de\/rixdorf\/cs\/wp-json\/wp\/v2\/users\/1"}],"replies":[{"embeddable":true,"href":"https:\/\/stadt-adventskalender.de\/rixdorf\/cs\/wp-json\/wp\/v2\/comments?post=159"}],"version-history":[{"count":7,"href":"https:\/\/stadt-adventskalender.de\/rixdorf\/cs\/wp-json\/wp\/v2\/posts\/159\/revisions"}],"predecessor-version":[{"id":606,"href":"https:\/\/stadt-adventskalender.de\/rixdorf\/cs\/wp-json\/wp\/v2\/posts\/159\/revisions\/606"}],"wp:attachment":[{"href":"https:\/\/stadt-adventskalender.de\/rixdorf\/cs\/wp-json\/wp\/v2\/media?parent=159"}],"wp:term":[{"taxonomy":"category","embeddable":true,"href":"https:\/\/stadt-adventskalender.de\/rixdorf\/cs\/wp-json\/wp\/v2\/categories?post=159"},{"taxonomy":"post_tag","embeddable":true,"href":"https:\/\/stadt-adventskalender.de\/rixdorf\/cs\/wp-json\/wp\/v2\/tags?post=159"}],"curies":[{"name":"wp","href":"https:\/\/api.w.org\/{rel}","templated":true}]}}