{"id":145,"date":"2025-12-13T00:00:00","date_gmt":"2025-12-12T23:00:00","guid":{"rendered":"http:\/\/stadt-adventskalender.de\/rixdorf\/?p=145"},"modified":"2025-11-06T21:35:40","modified_gmt":"2025-11-06T20:35:40","slug":"13-2","status":"publish","type":"post","link":"https:\/\/stadt-adventskalender.de\/rixdorf\/cs\/13-2\/","title":{"rendered":"13"},"content":{"rendered":"<h1>13<img loading=\"lazy\" decoding=\"async\" class=\"alignnone wp-image-90 size-full\" src=\"https:\/\/stadt-adventskalender.de\/rixdorf\/wp-content\/uploads\/sites\/14\/2019\/11\/13.png\" alt=\"\" width=\"300\" height=\"300\" srcset=\"https:\/\/stadt-adventskalender.de\/rixdorf\/wp-content\/uploads\/sites\/14\/2019\/11\/13.png 300w, https:\/\/stadt-adventskalender.de\/rixdorf\/wp-content\/uploads\/sites\/14\/2019\/11\/13-150x150.png 150w\" sizes=\"auto, (max-width: 300px) 100vw, 300px\" \/><\/h1>\n<h4>P\u0159eju si &#8230;<\/h4>\n<p>Mal\u00e1 zd\u011bn\u00e1 br\u00e1na mezi ulic\u00ed Kirchgasse a sadem sm\u011brem k\u00a0n\u00e1m\u011bst\u00ed Richardplatz d\u011blila sv\u00e9ho \u010dasu \u010deskou a n\u011bmeckou vesnici. V\u00a070. letech m\u011bl p\u0159esn\u011b na tomto m\u00edst\u011b vzniknout mnohopodla\u017en\u00ed panel\u00e1k. D\u00edky nasazen\u00ed m\u00edstn\u00edch obyvatel se poda\u0159ilo tomuto brut\u00e1ln\u00edmu z\u00e1sahu zabr\u00e1nit. Pro d\u011bti z\u00a0okol\u00ed je dnes tento pr\u016fchod m\u00edstem, na kter\u00e9m se pln\u00ed p\u0159\u00e1n\u00ed.<\/p>\n","protected":false},"excerpt":{"rendered":"<p>13 P\u0159eju si &#8230; Mal\u00e1 zd\u011bn\u00e1 br\u00e1na mezi ulic\u00ed Kirchgasse a sadem sm\u011brem k\u00a0n\u00e1m\u011bst\u00ed Richardplatz d\u011blila sv\u00e9ho \u010dasu \u010deskou a n\u011bmeckou vesnici. V\u00a070. letech m\u011bl p\u0159esn\u011b na tomto m\u00edst\u011b vzniknout mnohopodla\u017en\u00ed panel\u00e1k. D\u00edky nasazen\u00ed m\u00edstn\u00edch obyvatel se poda\u0159ilo tomuto brut\u00e1ln\u00edmu z\u00e1sahu zabr\u00e1nit. Pro d\u011bti z\u00a0okol\u00ed je dnes tento pr\u016fchod m\u00edstem, na kter\u00e9m se pln\u00ed p\u0159\u00e1n\u00ed.<\/p>\n","protected":false},"author":1,"featured_media":0,"comment_status":"closed","ping_status":"open","sticky":false,"template":"","format":"standard","meta":{"footnotes":""},"categories":[4],"tags":[],"class_list":["post-145","post","type-post","status-publish","format-standard","hentry","category-alle-offenen-turchen"],"translation":{"provider":"WPGlobus","version":"3.0.0","language":"cs","enabled_languages":["de","en","cs"],"languages":{"de":{"title":true,"content":true,"excerpt":false},"en":{"title":true,"content":true,"excerpt":false},"cs":{"title":true,"content":true,"excerpt":false}}},"publishpress_future_action":{"enabled":false,"date":"2026-05-08 18:50:24","action":"change-status","newStatus":"draft","terms":[],"taxonomy":"category","extraData":[]},"publishpress_future_workflow_manual_trigger":{"enabledWorkflows":[]},"_links":{"self":[{"href":"https:\/\/stadt-adventskalender.de\/rixdorf\/cs\/wp-json\/wp\/v2\/posts\/145","targetHints":{"allow":["GET"]}}],"collection":[{"href":"https:\/\/stadt-adventskalender.de\/rixdorf\/cs\/wp-json\/wp\/v2\/posts"}],"about":[{"href":"https:\/\/stadt-adventskalender.de\/rixdorf\/cs\/wp-json\/wp\/v2\/types\/post"}],"author":[{"embeddable":true,"href":"https:\/\/stadt-adventskalender.de\/rixdorf\/cs\/wp-json\/wp\/v2\/users\/1"}],"replies":[{"embeddable":true,"href":"https:\/\/stadt-adventskalender.de\/rixdorf\/cs\/wp-json\/wp\/v2\/comments?post=145"}],"version-history":[{"count":6,"href":"https:\/\/stadt-adventskalender.de\/rixdorf\/cs\/wp-json\/wp\/v2\/posts\/145\/revisions"}],"predecessor-version":[{"id":613,"href":"https:\/\/stadt-adventskalender.de\/rixdorf\/cs\/wp-json\/wp\/v2\/posts\/145\/revisions\/613"}],"wp:attachment":[{"href":"https:\/\/stadt-adventskalender.de\/rixdorf\/cs\/wp-json\/wp\/v2\/media?parent=145"}],"wp:term":[{"taxonomy":"category","embeddable":true,"href":"https:\/\/stadt-adventskalender.de\/rixdorf\/cs\/wp-json\/wp\/v2\/categories?post=145"},{"taxonomy":"post_tag","embeddable":true,"href":"https:\/\/stadt-adventskalender.de\/rixdorf\/cs\/wp-json\/wp\/v2\/tags?post=145"}],"curies":[{"name":"wp","href":"https:\/\/api.w.org\/{rel}","templated":true}]}}