{"id":104,"date":"2025-12-02T00:00:00","date_gmt":"2025-12-01T23:00:00","guid":{"rendered":"http:\/\/stadt-adventskalender.de\/rixdorf\/?p=104"},"modified":"2025-11-06T21:36:48","modified_gmt":"2025-11-06T20:36:48","slug":"02-2","status":"publish","type":"post","link":"https:\/\/stadt-adventskalender.de\/rixdorf\/cs\/02-2\/","title":{"rendered":"02"},"content":{"rendered":"<h1>2<img loading=\"lazy\" decoding=\"async\" class=\"alignnone wp-image-17 size-full\" src=\"https:\/\/stadt-adventskalender.de\/rixdorf\/wp-content\/uploads\/sites\/14\/2019\/09\/02.png\" alt=\"\" width=\"300\" height=\"300\" srcset=\"https:\/\/stadt-adventskalender.de\/rixdorf\/wp-content\/uploads\/sites\/14\/2019\/09\/02.png 300w, https:\/\/stadt-adventskalender.de\/rixdorf\/wp-content\/uploads\/sites\/14\/2019\/09\/02-150x150.png 150w\" sizes=\"auto, (max-width: 300px) 100vw, 300px\" \/><\/h1>\n<h4>Ryt\u00ed\u0159 dobr\u00e9 chuti<\/h4>\n<p>Majitel Jelitov\u00e9 manufaktury na n\u00e1m\u011bst\u00ed Karl-Marx-Platz byl v roce 2004 za v\u00fdrobu nejlep\u0161\u00edho jelita Evropy pasov\u00e1n na ryt\u00ed\u0159e a sm\u00ed si od t\u00e9 doby \u0159\u00edkat \u201eryt\u00ed\u0159 jelita\u201c. T\u00edmto titulem se sm\u00ed naz\u00fdvat lid\u00e9, kte\u0159\u00ed se zvl\u00e1\u0161t\u011b zaslou\u017eili o v\u00fdrobu jelit, kte\u0159\u00ed byli navr\u017eeni \u010dlenem Bratrstva, kte\u0159\u00ed j\u00ed jelito minim\u00e1ln\u011b jednou za t\u00fdden a kte\u0159\u00ed p\u0159\u00edsahali na gril a vidli\u010dku.<br \/>\nTitul ud\u011bluje \u201eBratrstvo na podporu v\u00e1\u017eenosti jelita\u201c.<br \/>\nJelitov\u00e1 manufaktura se i mimo \u010dtvr\u0165 Neuk\u00f6lln t\u011b\u0161\u00ed velk\u00e9 oblib\u011b.<\/p>\n","protected":false},"excerpt":{"rendered":"<p>2 Ryt\u00ed\u0159 dobr\u00e9 chuti Majitel Jelitov\u00e9 manufaktury na n\u00e1m\u011bst\u00ed Karl-Marx-Platz byl v roce 2004 za v\u00fdrobu nejlep\u0161\u00edho jelita Evropy pasov\u00e1n na ryt\u00ed\u0159e a sm\u00ed si od t\u00e9 doby \u0159\u00edkat \u201eryt\u00ed\u0159 jelita\u201c. T\u00edmto titulem se sm\u00ed naz\u00fdvat lid\u00e9, kte\u0159\u00ed se zvl\u00e1\u0161t\u011b zaslou\u017eili o v\u00fdrobu jelit, kte\u0159\u00ed byli navr\u017eeni \u010dlenem Bratrstva, kte\u0159\u00ed j\u00ed jelito minim\u00e1ln\u011b jednou za &hellip; <a href=\"https:\/\/stadt-adventskalender.de\/rixdorf\/cs\/02-2\/\" class=\"more-link\"><span class=\"screen-reader-text\">02<\/span> weiterlesen<\/a><\/p>\n","protected":false},"author":1,"featured_media":0,"comment_status":"closed","ping_status":"open","sticky":false,"template":"","format":"standard","meta":{"footnotes":""},"categories":[4],"tags":[],"class_list":["post-104","post","type-post","status-publish","format-standard","hentry","category-alle-offenen-turchen"],"translation":{"provider":"WPGlobus","version":"3.0.0","language":"cs","enabled_languages":["de","en","cs"],"languages":{"de":{"title":true,"content":true,"excerpt":false},"en":{"title":true,"content":true,"excerpt":false},"cs":{"title":true,"content":true,"excerpt":false}}},"publishpress_future_action":{"enabled":false,"date":"2026-05-08 18:50:22","action":"change-status","newStatus":"draft","terms":[],"taxonomy":"category","extraData":[]},"publishpress_future_workflow_manual_trigger":{"enabledWorkflows":[]},"_links":{"self":[{"href":"https:\/\/stadt-adventskalender.de\/rixdorf\/cs\/wp-json\/wp\/v2\/posts\/104","targetHints":{"allow":["GET"]}}],"collection":[{"href":"https:\/\/stadt-adventskalender.de\/rixdorf\/cs\/wp-json\/wp\/v2\/posts"}],"about":[{"href":"https:\/\/stadt-adventskalender.de\/rixdorf\/cs\/wp-json\/wp\/v2\/types\/post"}],"author":[{"embeddable":true,"href":"https:\/\/stadt-adventskalender.de\/rixdorf\/cs\/wp-json\/wp\/v2\/users\/1"}],"replies":[{"embeddable":true,"href":"https:\/\/stadt-adventskalender.de\/rixdorf\/cs\/wp-json\/wp\/v2\/comments?post=104"}],"version-history":[{"count":8,"href":"https:\/\/stadt-adventskalender.de\/rixdorf\/cs\/wp-json\/wp\/v2\/posts\/104\/revisions"}],"predecessor-version":[{"id":433,"href":"https:\/\/stadt-adventskalender.de\/rixdorf\/cs\/wp-json\/wp\/v2\/posts\/104\/revisions\/433"}],"wp:attachment":[{"href":"https:\/\/stadt-adventskalender.de\/rixdorf\/cs\/wp-json\/wp\/v2\/media?parent=104"}],"wp:term":[{"taxonomy":"category","embeddable":true,"href":"https:\/\/stadt-adventskalender.de\/rixdorf\/cs\/wp-json\/wp\/v2\/categories?post=104"},{"taxonomy":"post_tag","embeddable":true,"href":"https:\/\/stadt-adventskalender.de\/rixdorf\/cs\/wp-json\/wp\/v2\/tags?post=104"}],"curies":[{"name":"wp","href":"https:\/\/api.w.org\/{rel}","templated":true}]}}