{"id":253,"date":"2025-12-23T00:00:00","date_gmt":"2025-12-22T23:00:00","guid":{"rendered":"https:\/\/stadt-adventskalender.de\/meissen\/?p=253"},"modified":"2025-11-18T10:06:18","modified_gmt":"2025-11-18T09:06:18","slug":"23","status":"publish","type":"post","link":"https:\/\/stadt-adventskalender.de\/meissen\/2025\/12\/23\/23\/","title":{"rendered":"23"},"content":{"rendered":"<\/p>\n<!-- \/wp:post-content -->\n\n<!-- wp:heading {\"level\":1} -->\n<h1>23 <img loading=\"lazy\" decoding=\"async\" class=\"alignnone wp-image-42 size-full\" src=\"https:\/\/stadt-adventskalender.de\/meissen\/wp-content\/uploads\/sites\/17\/2021\/09\/23.png\" alt=\"\" width=\"300\" height=\"300\"><\/h1>\n<!-- \/wp:heading -->\n\n<!-- wp:heading {\"level\":4} -->\n<h4>Wie ein Nordfranzose eine Burgunderprinzessin nach Mei\u00dfen brachte<\/h4>\n<!-- \/wp:heading -->\n\n<!-- wp:paragraph -->\n<p>Es gibt wohl nur wenige, die \u2013 wenn sie den Chor des Mei\u00dfner Doms betreten \u2013 nicht dem liebreizenden L\u00e4cheln der Kaiserin Adelheid verfallen. Gemeinsam mit ihrem etwas ungl\u00fccklich blickenden Gemahl Kaiser Otto I. war sie Stifterin des Doms und steht mit ihm unter farbig gefassten Baldachinen hoch \u00fcber dem Betrachter.<\/p>\n<!-- \/wp:paragraph -->\n\n<!-- wp:paragraph -->\n<p>Besucher des Naumburger Doms werden eine gro\u00dfe \u00c4hnlichkeit mit der dortigen Stifterfigur der Reglindis erkennen und wirklich sehen wir in Mei\u00dfen die letzte Arbeit des gro\u00dfen mittelalterlichen Bildhauers und Architekten, der unter dem Namen Naumburger Meister bekannt ist. Ausgebildet in den gotischen Kathedralh\u00fctten Nordfrankreichs schuf er etwas f\u00fcr die damalige Zeit Sensationelles: das individuelle, lebendige Abbild des Menschen in all seinen \u00c4ngsten, Verwerfungen und Freuden.<\/p>\n<!-- \/wp:paragraph -->\n\n<!-- wp:paragraph -->\n<p>M\u00f6glicherweise hat er die Mei\u00dfner Figuren nur konzipiert, die dann um 1260 von seiner Werktruppe ausgef\u00fchrt wurden. Sein Stil ist aber so einzigartig, dass allein das Fassen des Gewandes, sei es durch Uta, Reglindis oder Adelheid, immer wiedererkannt wird.<\/p>\n<!-- \/wp:paragraph -->\n\n<!-- wp:paragraph -->\n<p>&nbsp;","protected":false},"excerpt":{"rendered":"<p>23 Wie ein Nordfranzose eine Burgunderprinzessin nach Mei\u00dfen brachte Es gibt wohl nur wenige, die \u2013 wenn sie den Chor des Mei\u00dfner Doms betreten \u2013 nicht dem liebreizenden L\u00e4cheln der Kaiserin Adelheid verfallen. Gemeinsam mit ihrem etwas ungl\u00fccklich blickenden Gemahl Kaiser Otto I. war sie Stifterin des Doms und steht mit ihm unter farbig gefassten &hellip; <a href=\"https:\/\/stadt-adventskalender.de\/meissen\/2025\/12\/23\/23\/\" class=\"more-link\"><span class=\"screen-reader-text\">23<\/span> weiterlesen<\/a><\/p>\n","protected":false},"author":1,"featured_media":0,"comment_status":"closed","ping_status":"open","sticky":false,"template":"","format":"standard","meta":{"footnotes":""},"categories":[4,1],"tags":[],"class_list":["post-253","post","type-post","status-publish","format-standard","hentry","category-alle-offenen-tuerchen","category-allgemein"],"translation":{"provider":"WPGlobus","version":"3.0.0","language":"de","enabled_languages":["de","en"],"languages":{"de":{"title":true,"content":true,"excerpt":false},"en":{"title":true,"content":true,"excerpt":false}}},"publishpress_future_action":{"enabled":false,"date":"2026-05-08 22:46:09","action":"change-status","newStatus":"draft","terms":[],"taxonomy":"category","extraData":[]},"publishpress_future_workflow_manual_trigger":{"enabledWorkflows":[]},"_links":{"self":[{"href":"https:\/\/stadt-adventskalender.de\/meissen\/wp-json\/wp\/v2\/posts\/253","targetHints":{"allow":["GET"]}}],"collection":[{"href":"https:\/\/stadt-adventskalender.de\/meissen\/wp-json\/wp\/v2\/posts"}],"about":[{"href":"https:\/\/stadt-adventskalender.de\/meissen\/wp-json\/wp\/v2\/types\/post"}],"author":[{"embeddable":true,"href":"https:\/\/stadt-adventskalender.de\/meissen\/wp-json\/wp\/v2\/users\/1"}],"replies":[{"embeddable":true,"href":"https:\/\/stadt-adventskalender.de\/meissen\/wp-json\/wp\/v2\/comments?post=253"}],"version-history":[{"count":1,"href":"https:\/\/stadt-adventskalender.de\/meissen\/wp-json\/wp\/v2\/posts\/253\/revisions"}],"predecessor-version":[{"id":254,"href":"https:\/\/stadt-adventskalender.de\/meissen\/wp-json\/wp\/v2\/posts\/253\/revisions\/254"}],"wp:attachment":[{"href":"https:\/\/stadt-adventskalender.de\/meissen\/wp-json\/wp\/v2\/media?parent=253"}],"wp:term":[{"taxonomy":"category","embeddable":true,"href":"https:\/\/stadt-adventskalender.de\/meissen\/wp-json\/wp\/v2\/categories?post=253"},{"taxonomy":"post_tag","embeddable":true,"href":"https:\/\/stadt-adventskalender.de\/meissen\/wp-json\/wp\/v2\/tags?post=253"}],"curies":[{"name":"wp","href":"https:\/\/api.w.org\/{rel}","templated":true}]}}