{"id":290,"date":"2025-12-02T00:00:00","date_gmt":"2025-12-01T23:00:00","guid":{"rendered":"https:\/\/stadt-adventskalender.de\/magdeburg\/?p=290"},"modified":"2025-11-13T08:18:14","modified_gmt":"2025-11-13T07:18:14","slug":"02","status":"publish","type":"post","link":"https:\/\/stadt-adventskalender.de\/magdeburg\/2025\/12\/02\/02\/","title":{"rendered":"02"},"content":{"rendered":"<\/p>\n<!-- \/wp:post-content -->\n\n<!-- wp:heading {\"level\":1} -->\n<h1>2<img loading=\"lazy\" decoding=\"async\" class=\"alignnone size-full wp-image-17\" src=\"https:\/\/stadt-adventskalender.de\/magdeburg\/wp-content\/uploads\/sites\/19\/2022\/09\/2.png\" alt=\"\" width=\"300\" height=\"300\"><\/h1>\n<!-- \/wp:heading -->\n\n<!-- wp:heading {\"level\":4} -->\n<h4>Trutziger Paradiesgarten und lichter Klangraum<\/h4>\n<!-- \/wp:heading -->\n\n<!-- wp:paragraph -->\n<p>Betritt man den Kreuzgang des Klosters Unserer lieben Frau, \u00f6ffnet er sich mit mehr als 32 Arkaden zum Innenhof. Viele der S\u00e4ulen, die die B\u00f6gen teilen, sind rund, manche vier- oder mehreckig. Wie in einem exotischen Garten tragen sie eine reiche Auswahl verschieden geformter Kapitelle, mit vielerlei Blattwerk, Palmetten und Rosetten geziert, oder das f\u00fcr die Magdeburger Romanik so typische W\u00fcrfelkapitell. Auf die Spitze getrieben wird diese Manier romanischer Baumeister im anschlie\u00dfenden runden Lavatorium, wo vierfach geb\u00fcndelte S\u00e4ulchen auf kompakten Basen ruhen und mit aufw\u00e4ndig gearbeiteten Kapitellen versehen sind.<\/p>\n<!-- \/wp:paragraph -->\n\n<!-- wp:paragraph -->\n<p>Als Erzbischof Gero um das Jahr 1017 herum in Magdeburg ein Kollegiatsstift gr\u00fcndete, konnte er nicht ahnen, dass sich auf die n\u00e4chsten tausend Jahre an diesem Kloster Segnungen und F\u00e4hrnisse europ\u00e4ischer Sakralkultur erfahren lie\u00dfen. Trotz vielf\u00e4ltiger Um- und Anbauten und mancher Zerst\u00f6rung durch Brand und Krieg wurde das zweite Mutterkloster der Pr\u00e4monstratenser wie ein Wunder durch die Zeit getragen und zum \u00e4ltesten erhaltenen Geb\u00e4ude der Stadt.<\/p>\n<!-- \/wp:paragraph -->\n\n<!-- wp:paragraph -->\n<p>Was man heute findet, ist ein Ensemble, in dem sich Romanik und Gotik mit der Moderne verm\u00e4hlen, sind ber\u00fcckende architektonische Details wie das alte Kreuzgratgew\u00f6lbe oder die neue gef\u00e4ltete Dachhaut aus Baubronze \u00fcber einem Haus, das mit dem Museum f\u00fcr neue Kunst und einem wunderbaren Klangraum in der Klosterkirche einen exquisiten kulturellen Mittelpunkt Magdeburgs bildet.<\/p>\n<!-- \/wp:paragraph -->\n\n<!-- wp:paragraph -->\n<p><br>","protected":false},"excerpt":{"rendered":"<p>2 Trutziger Paradiesgarten und lichter Klangraum Betritt man den Kreuzgang des Klosters Unserer lieben Frau, \u00f6ffnet er sich mit mehr als 32 Arkaden zum Innenhof. Viele der S\u00e4ulen, die die B\u00f6gen teilen, sind rund, manche vier- oder mehreckig. Wie in einem exotischen Garten tragen sie eine reiche Auswahl verschieden geformter Kapitelle, mit vielerlei Blattwerk, Palmetten &hellip; <a href=\"https:\/\/stadt-adventskalender.de\/magdeburg\/2025\/12\/02\/02\/\" class=\"more-link\"><span class=\"screen-reader-text\">02<\/span> weiterlesen<\/a><\/p>\n","protected":false},"author":1,"featured_media":0,"comment_status":"closed","ping_status":"closed","sticky":false,"template":"","format":"standard","meta":{"footnotes":""},"categories":[3,1],"tags":[],"class_list":["post-290","post","type-post","status-publish","format-standard","hentry","category-alle-offenen-turchen","category-allgemein"],"translation":{"provider":"WPGlobus","version":"3.0.0","language":"de","enabled_languages":["de","en"],"languages":{"de":{"title":true,"content":true,"excerpt":false},"en":{"title":true,"content":true,"excerpt":false}}},"publishpress_future_action":{"enabled":false,"date":"2026-05-09 02:57:45","action":"change-status","newStatus":"draft","terms":[],"taxonomy":"category","extraData":[]},"publishpress_future_workflow_manual_trigger":{"enabledWorkflows":[]},"_links":{"self":[{"href":"https:\/\/stadt-adventskalender.de\/magdeburg\/wp-json\/wp\/v2\/posts\/290","targetHints":{"allow":["GET"]}}],"collection":[{"href":"https:\/\/stadt-adventskalender.de\/magdeburg\/wp-json\/wp\/v2\/posts"}],"about":[{"href":"https:\/\/stadt-adventskalender.de\/magdeburg\/wp-json\/wp\/v2\/types\/post"}],"author":[{"embeddable":true,"href":"https:\/\/stadt-adventskalender.de\/magdeburg\/wp-json\/wp\/v2\/users\/1"}],"replies":[{"embeddable":true,"href":"https:\/\/stadt-adventskalender.de\/magdeburg\/wp-json\/wp\/v2\/comments?post=290"}],"version-history":[{"count":3,"href":"https:\/\/stadt-adventskalender.de\/magdeburg\/wp-json\/wp\/v2\/posts\/290\/revisions"}],"predecessor-version":[{"id":338,"href":"https:\/\/stadt-adventskalender.de\/magdeburg\/wp-json\/wp\/v2\/posts\/290\/revisions\/338"}],"wp:attachment":[{"href":"https:\/\/stadt-adventskalender.de\/magdeburg\/wp-json\/wp\/v2\/media?parent=290"}],"wp:term":[{"taxonomy":"category","embeddable":true,"href":"https:\/\/stadt-adventskalender.de\/magdeburg\/wp-json\/wp\/v2\/categories?post=290"},{"taxonomy":"post_tag","embeddable":true,"href":"https:\/\/stadt-adventskalender.de\/magdeburg\/wp-json\/wp\/v2\/tags?post=290"}],"curies":[{"name":"wp","href":"https:\/\/api.w.org\/{rel}","templated":true}]}}