{"id":132,"date":"2025-12-24T00:00:00","date_gmt":"2025-12-23T23:00:00","guid":{"rendered":"https:\/\/stadt-adventskalender.de\/magdeburg\/?p=132"},"modified":"2025-11-13T08:16:01","modified_gmt":"2025-11-13T07:16:01","slug":"24-heute","status":"publish","type":"post","link":"https:\/\/stadt-adventskalender.de\/magdeburg\/2025\/12\/24\/24-heute\/","title":{"rendered":"24-heute"},"content":{"rendered":"<\/p>\n<!-- \/wp:post-content -->\n\n<!-- wp:heading {\"level\":1} -->\n<h1>24<img loading=\"lazy\" decoding=\"async\" class=\"alignnone size-full wp-image-17\" src=\"https:\/\/stadt-adventskalender.de\/magdeburg\/wp-content\/uploads\/sites\/19\/2022\/09\/24.png\" alt=\"\" width=\"300\" height=\"300\"><\/h1>\n<!-- \/wp:heading -->\n\n<!-- wp:heading {\"level\":4} -->\n<h4>In dulci jubilo<\/h4>\n<!-- \/wp:heading -->\n\n<!-- wp:paragraph -->\n<p>Weihnachten ohne Musik ist schwer vorstellbar, ohne Singen auch nicht, ganz gleich, ob man die Texte noch kennt, ein Weihnachtsoratorium h\u00f6rt oder sich lieber von Spotify aushelfen l\u00e4sst. Die Wurzeln unserer Weihnachtslieder liegen im Mittelalter, als sich neben den auf Latein gesungenen gregorianischen Hymnen deutschsprachige Weisen durchzusetzen begannen. Diese \u201eLeisen\u201c konnten auch von den einfachen Gemeindemitgliedern, die der alten Sprache nicht m\u00e4chtig waren, mitgesungen werden. Sie endeten meist auf Kyrieleis, dem griechischen \u201eHerr, erbarme dich\u201c der Liturgie und bekamen so ihren Namen.<\/p>\n<!-- \/wp:paragraph -->\n\n<!-- wp:paragraph -->\n<p>Die vermutlich \u00e4lteste uns bekannte Leise, \u201eGelobet seist du, Jesu Christ\u201c aus dem 14. Jahrhundert, wurde sp\u00e4ter von Martin Luther bearbeitet. Der war, was viele nicht wissen, ein gro\u00dfer Texter und Komponist von Kirchenliedern, die auch heute noch so eing\u00e4ngig und sch\u00f6n sind, dass sie nicht nur im evangelischen Gesangbuch, sondern auch im katholischen Gotteslob stehen.<\/p>\n<!-- \/wp:paragraph -->\n\n<!-- wp:paragraph -->\n<p>Der K\u00fcnstler des hochmittelalterlichen Marienaltars in der Kathedralkirche St. Sebastian, auf dessen Mittelteil sich neben drei anderen Bildern aus dem Leben der Gottesmutter die hier abgebildete Krippenszene findet, interessierte sich allerdings nicht besonders f\u00fcr musizierende Engel oder singende Hirten. Bemerkenswert ist dagegen seine ikonographisch und musiktechnisch recht ungew\u00f6hnliche Verk\u00fcndigung, bei der der Erzengel Gabriel Maria keine Lilie reicht und sie sanft auf die Empf\u00e4ngnis des Heilands vorbereitet, sondern drastisch in ein goldenes Horn, vermutlich ein j\u00fcdisches Schofar bl\u00e4st, das ohne Zweifel sehr laut auf die Ankunft des Messias hinweist.<\/p>\n<!-- \/wp:paragraph -->\n\n<!-- wp:heading {\"level\":1} -->\n<h1>Frohe Weihnachten!<\/h1>\n<!-- \/wp:heading -->\n\n<!-- wp:paragraph -->\n<p><br>","protected":false},"excerpt":{"rendered":"<p>24 In dulci jubilo Weihnachten ohne Musik ist schwer vorstellbar, ohne Singen auch nicht, ganz gleich, ob man die Texte noch kennt, ein Weihnachtsoratorium h\u00f6rt oder sich lieber von Spotify aushelfen l\u00e4sst. Die Wurzeln unserer Weihnachtslieder liegen im Mittelalter, als sich neben den auf Latein gesungenen gregorianischen Hymnen deutschsprachige Weisen durchzusetzen begannen. Diese \u201eLeisen\u201c konnten &hellip; <a href=\"https:\/\/stadt-adventskalender.de\/magdeburg\/2025\/12\/24\/24-heute\/\" class=\"more-link\"><span class=\"screen-reader-text\">24-heute<\/span> weiterlesen<\/a><\/p>\n","protected":false},"author":1,"featured_media":0,"comment_status":"closed","ping_status":"closed","sticky":false,"template":"","format":"standard","meta":{"footnotes":""},"categories":[3,1,2],"tags":[],"class_list":["post-132","post","type-post","status-publish","format-standard","hentry","category-alle-offenen-turchen","category-allgemein","category-heute"],"translation":{"provider":"WPGlobus","version":"3.0.0","language":"de","enabled_languages":["de","en"],"languages":{"de":{"title":true,"content":true,"excerpt":false},"en":{"title":true,"content":true,"excerpt":false}}},"publishpress_future_action":{"enabled":false,"date":"2026-05-09 02:15:58","action":"change-status","newStatus":"draft","terms":[],"taxonomy":"category","extraData":[]},"publishpress_future_workflow_manual_trigger":{"enabledWorkflows":[]},"_links":{"self":[{"href":"https:\/\/stadt-adventskalender.de\/magdeburg\/wp-json\/wp\/v2\/posts\/132","targetHints":{"allow":["GET"]}}],"collection":[{"href":"https:\/\/stadt-adventskalender.de\/magdeburg\/wp-json\/wp\/v2\/posts"}],"about":[{"href":"https:\/\/stadt-adventskalender.de\/magdeburg\/wp-json\/wp\/v2\/types\/post"}],"author":[{"embeddable":true,"href":"https:\/\/stadt-adventskalender.de\/magdeburg\/wp-json\/wp\/v2\/users\/1"}],"replies":[{"embeddable":true,"href":"https:\/\/stadt-adventskalender.de\/magdeburg\/wp-json\/wp\/v2\/comments?post=132"}],"version-history":[{"count":6,"href":"https:\/\/stadt-adventskalender.de\/magdeburg\/wp-json\/wp\/v2\/posts\/132\/revisions"}],"predecessor-version":[{"id":372,"href":"https:\/\/stadt-adventskalender.de\/magdeburg\/wp-json\/wp\/v2\/posts\/132\/revisions\/372"}],"wp:attachment":[{"href":"https:\/\/stadt-adventskalender.de\/magdeburg\/wp-json\/wp\/v2\/media?parent=132"}],"wp:term":[{"taxonomy":"category","embeddable":true,"href":"https:\/\/stadt-adventskalender.de\/magdeburg\/wp-json\/wp\/v2\/categories?post=132"},{"taxonomy":"post_tag","embeddable":true,"href":"https:\/\/stadt-adventskalender.de\/magdeburg\/wp-json\/wp\/v2\/tags?post=132"}],"curies":[{"name":"wp","href":"https:\/\/api.w.org\/{rel}","templated":true}]}}