{"id":1,"date":"2025-09-28T12:50:24","date_gmt":"2025-09-28T10:50:24","guid":{"rendered":"https:\/\/stadt-adventskalender.de\/jakobsweg\/?p=1"},"modified":"2025-12-01T09:12:30","modified_gmt":"2025-12-01T08:12:30","slug":"willkommen","status":"publish","type":"post","link":"https:\/\/stadt-adventskalender.de\/jakobsweg\/2025\/09\/28\/willkommen\/","title":{"rendered":"Willkommen"},"content":{"rendered":"\n<figure class=\"wp-block-image size-full\"><img loading=\"lazy\" decoding=\"async\" width=\"1000\" height=\"450\" src=\"https:\/\/stadt-adventskalender.de\/jakobsweg\/wp-content\/uploads\/sites\/25\/2025\/09\/AK-Jakobsweg-aufgestellt-Schatten-trans-RGB-1000x450px.png\" alt=\"\" class=\"wp-image-9\" srcset=\"https:\/\/stadt-adventskalender.de\/jakobsweg\/wp-content\/uploads\/sites\/25\/2025\/09\/AK-Jakobsweg-aufgestellt-Schatten-trans-RGB-1000x450px.png 1000w, https:\/\/stadt-adventskalender.de\/jakobsweg\/wp-content\/uploads\/sites\/25\/2025\/09\/AK-Jakobsweg-aufgestellt-Schatten-trans-RGB-1000x450px-300x135.png 300w, https:\/\/stadt-adventskalender.de\/jakobsweg\/wp-content\/uploads\/sites\/25\/2025\/09\/AK-Jakobsweg-aufgestellt-Schatten-trans-RGB-1000x450px-768x346.png 768w\" sizes=\"auto, (max-width: 1000px) 100vw, 1000px\" \/><\/figure>\n\n\n\n<p>Ab dem 1. Dezember \u00f6ffnen sich hier t\u00e4glich die T\u00fcrchentexte zum Adventskalender zum Jakobsweg nach Santiago de Compostela. Jeweils nach Mitternacht wird eine neue kleine Geschichte rund um das Motiv erz\u00e4hlt, bis an Heiligabend und ins Neue Jahr hinein alle vierundzwanzig Texte zu lesen sind.<\/p>\n\n\n\n<p>Santiago de Compostela als Motiv f\u00fcr einen Adventskalender: un- gew\u00f6hnlich, aber dadurch interessant. Denn Pilgern und Advent verbindet die Erwartung, anzukommen und etwas Neues zu erfahren. Die Zeichnung zeigt nicht nur die Kathedrale, eingebettet in eine spanische Landschaft, sondern bildet den Weg des Apostels ab, vom Heiligen Land \u00fcbers Meer bis auf die iberische Halbinsel, und gleichzeitig das Wegenetz, auf dem im Lauf der Zeit Christen aus ganz Europa sich zur Stadt des Jakobus aufmachten. Da Compostela zu den drei gro\u00dfen Pilgerzielen des Mittelalters geh\u00f6rte, sind die beiden anderen, Jerusalem und Rom, auch zu sehen.<\/p>\n\n\n\n<p>Die T\u00fcrchenbilder zeigen Motive von der Jakobssage \u00fcber spanische Kuriosa bis zu Utensilien neuen Pilgerns wie Wanderschuh und Pilgerstempel. Angesprochen werden sollen an Geschichte und Kunst- geschichte Interessierte, Menschen, die schon gepilgert sind oder es vorhaben. Und nat\u00fcrlich alle, die sich mit einem Kalender auf die Weihnachtszeit einstimmen lassen wollen, der etwas abseits des Hergebrachten liegt.<\/p>\n\n\n\n<p>Zeichnung und Herstellung: Astrid Lange, 2025<br>Onlinetexte: Amadigi<br>Druck: Heenemann, Berlin konfektioniert in Berlin<\/p>\n\n\n\n<p><a href=\"https:\/\/stadt-adventskalender.com\">Hier gehts zum Onlineshop<\/a><\/p>\n","protected":false},"excerpt":{"rendered":"<p>Ab dem 1. Dezember \u00f6ffnen sich hier t\u00e4glich die T\u00fcrchentexte zum Adventskalender zum Jakobsweg nach Santiago de Compostela. Jeweils nach Mitternacht wird eine neue kleine Geschichte rund um das Motiv erz\u00e4hlt, bis an Heiligabend und ins Neue Jahr hinein alle vierundzwanzig Texte zu lesen sind. Santiago de Compostela als Motiv f\u00fcr einen Adventskalender: un- gew\u00f6hnlich, &hellip; <a href=\"https:\/\/stadt-adventskalender.de\/jakobsweg\/2025\/09\/28\/willkommen\/\" class=\"more-link\"><span class=\"screen-reader-text\">Willkommen<\/span> weiterlesen<\/a><\/p>\n","protected":false},"author":1,"featured_media":0,"comment_status":"closed","ping_status":"open","sticky":false,"template":"","format":"standard","meta":{"footnotes":""},"categories":[6],"tags":[],"class_list":["post-1","post","type-post","status-publish","format-standard","hentry","category-willkommen"],"translation":{"provider":"WPGlobus","version":"3.0.0","language":"de","enabled_languages":["de","en"],"languages":{"de":{"title":true,"content":true,"excerpt":false},"en":{"title":false,"content":false,"excerpt":false}}},"publishpress_future_action":{"enabled":false,"date":"2026-05-08 15:17:34","action":"change-status","newStatus":"draft","terms":[],"taxonomy":"category","extraData":[]},"publishpress_future_workflow_manual_trigger":{"enabledWorkflows":[]},"_links":{"self":[{"href":"https:\/\/stadt-adventskalender.de\/jakobsweg\/wp-json\/wp\/v2\/posts\/1","targetHints":{"allow":["GET"]}}],"collection":[{"href":"https:\/\/stadt-adventskalender.de\/jakobsweg\/wp-json\/wp\/v2\/posts"}],"about":[{"href":"https:\/\/stadt-adventskalender.de\/jakobsweg\/wp-json\/wp\/v2\/types\/post"}],"author":[{"embeddable":true,"href":"https:\/\/stadt-adventskalender.de\/jakobsweg\/wp-json\/wp\/v2\/users\/1"}],"replies":[{"embeddable":true,"href":"https:\/\/stadt-adventskalender.de\/jakobsweg\/wp-json\/wp\/v2\/comments?post=1"}],"version-history":[{"count":5,"href":"https:\/\/stadt-adventskalender.de\/jakobsweg\/wp-json\/wp\/v2\/posts\/1\/revisions"}],"predecessor-version":[{"id":18,"href":"https:\/\/stadt-adventskalender.de\/jakobsweg\/wp-json\/wp\/v2\/posts\/1\/revisions\/18"}],"wp:attachment":[{"href":"https:\/\/stadt-adventskalender.de\/jakobsweg\/wp-json\/wp\/v2\/media?parent=1"}],"wp:term":[{"taxonomy":"category","embeddable":true,"href":"https:\/\/stadt-adventskalender.de\/jakobsweg\/wp-json\/wp\/v2\/categories?post=1"},{"taxonomy":"post_tag","embeddable":true,"href":"https:\/\/stadt-adventskalender.de\/jakobsweg\/wp-json\/wp\/v2\/tags?post=1"}],"curies":[{"name":"wp","href":"https:\/\/api.w.org\/{rel}","templated":true}]}}