{"id":98,"date":"2025-12-11T00:00:00","date_gmt":"2025-12-10T23:00:00","guid":{"rendered":"http:\/\/stadt-adventskalender.de\/goerlitz2019\/?p=98"},"modified":"2025-11-17T22:31:24","modified_gmt":"2025-11-17T21:31:24","slug":"11-2","status":"publish","type":"post","link":"https:\/\/stadt-adventskalender.de\/goerlitz2019\/11-2\/","title":{"rendered":"11"},"content":{"rendered":"<h1>11<img loading=\"lazy\" decoding=\"async\" class=\"alignnone wp-image-39 size-full\" src=\"https:\/\/stadt-adventskalender.de\/goerlitz2019\/wp-content\/uploads\/sites\/15\/2019\/10\/11.png\" alt=\"\" width=\"300\" height=\"300\" srcset=\"https:\/\/stadt-adventskalender.de\/goerlitz2019\/wp-content\/uploads\/sites\/15\/2019\/10\/11.png 300w, https:\/\/stadt-adventskalender.de\/goerlitz2019\/wp-content\/uploads\/sites\/15\/2019\/10\/11-150x150.png 150w\" sizes=\"auto, (max-width: 300px) 100vw, 300px\" \/><\/h1>\n<h4>Kamera l\u00e4uft!<\/h4>\n<p>F\u00e4hrt man in Bad Schandau in der S\u00e4chsischen Schweiz mit dem freistehenden elektrischen Aufzug in die H\u00f6he, \u00f6ffnet sich die Aufzugst\u00fcr zum Warenhauseingang in G\u00f6rlitz. Zumindest in dem skurrilen, mit vier Oscars gekr\u00f6nten, Film \u201eGrand Budapest Hotel\u201c, der G\u00f6rlitz einmal mehr als Filmkulisse bekannt machte. Zeitlich passen die etwa 100 Kilometer voneinander entfernten Bauten perfekt zueinander. Dem 1904 errichteten Aufzug hat der Jugendstil ein sch\u00f6nes Gel\u00e4nder, dem im Jahr 1913 er\u00f6ffneten Kaufhaus eine eindrucksvolle Glasdecke beschert. Prachtvolle Kronleuchter schm\u00fccken den Eingangsbereich des Warenhauses. Damals hie\u00df es noch \u201eKaufhaus zum Strau\u00df\u201c. Die zu DDR-Zeiten entfernten Leuchter wurden original nachgebaut.<\/p>\n","protected":false},"excerpt":{"rendered":"<p>11 Kamera l\u00e4uft! F\u00e4hrt man in Bad Schandau in der S\u00e4chsischen Schweiz mit dem freistehenden elektrischen Aufzug in die H\u00f6he, \u00f6ffnet sich die Aufzugst\u00fcr zum Warenhauseingang in G\u00f6rlitz. Zumindest in dem skurrilen, mit vier Oscars gekr\u00f6nten, Film \u201eGrand Budapest Hotel\u201c, der G\u00f6rlitz einmal mehr als Filmkulisse bekannt machte. Zeitlich passen die etwa 100 Kilometer voneinander &hellip; <a href=\"https:\/\/stadt-adventskalender.de\/goerlitz2019\/11-2\/\" class=\"more-link\"><span class=\"screen-reader-text\">11<\/span> weiterlesen<\/a><\/p>\n","protected":false},"author":1,"featured_media":0,"comment_status":"closed","ping_status":"open","sticky":false,"template":"","format":"standard","meta":{"footnotes":""},"categories":[4],"tags":[],"class_list":["post-98","post","type-post","status-publish","format-standard","hentry","category-alle-offenen-turchen"],"translation":{"provider":"WPGlobus","version":"3.0.0","language":"de","enabled_languages":["de","en"],"languages":{"de":{"title":true,"content":true,"excerpt":false},"en":{"title":false,"content":true,"excerpt":false}}},"publishpress_future_action":{"enabled":false,"date":"2026-05-09 11:06:45","action":"change-status","newStatus":"draft","terms":[],"taxonomy":"category","extraData":[]},"publishpress_future_workflow_manual_trigger":{"enabledWorkflows":[]},"_links":{"self":[{"href":"https:\/\/stadt-adventskalender.de\/goerlitz2019\/wp-json\/wp\/v2\/posts\/98","targetHints":{"allow":["GET"]}}],"collection":[{"href":"https:\/\/stadt-adventskalender.de\/goerlitz2019\/wp-json\/wp\/v2\/posts"}],"about":[{"href":"https:\/\/stadt-adventskalender.de\/goerlitz2019\/wp-json\/wp\/v2\/types\/post"}],"author":[{"embeddable":true,"href":"https:\/\/stadt-adventskalender.de\/goerlitz2019\/wp-json\/wp\/v2\/users\/1"}],"replies":[{"embeddable":true,"href":"https:\/\/stadt-adventskalender.de\/goerlitz2019\/wp-json\/wp\/v2\/comments?post=98"}],"version-history":[{"count":6,"href":"https:\/\/stadt-adventskalender.de\/goerlitz2019\/wp-json\/wp\/v2\/posts\/98\/revisions"}],"predecessor-version":[{"id":424,"href":"https:\/\/stadt-adventskalender.de\/goerlitz2019\/wp-json\/wp\/v2\/posts\/98\/revisions\/424"}],"wp:attachment":[{"href":"https:\/\/stadt-adventskalender.de\/goerlitz2019\/wp-json\/wp\/v2\/media?parent=98"}],"wp:term":[{"taxonomy":"category","embeddable":true,"href":"https:\/\/stadt-adventskalender.de\/goerlitz2019\/wp-json\/wp\/v2\/categories?post=98"},{"taxonomy":"post_tag","embeddable":true,"href":"https:\/\/stadt-adventskalender.de\/goerlitz2019\/wp-json\/wp\/v2\/tags?post=98"}],"curies":[{"name":"wp","href":"https:\/\/api.w.org\/{rel}","templated":true}]}}