{"id":94,"date":"2025-12-10T00:00:00","date_gmt":"2025-12-09T23:00:00","guid":{"rendered":"http:\/\/stadt-adventskalender.de\/goerlitz2019\/?p=94"},"modified":"2025-11-17T22:31:43","modified_gmt":"2025-11-17T21:31:43","slug":"10-2","status":"publish","type":"post","link":"https:\/\/stadt-adventskalender.de\/goerlitz2019\/10-2\/","title":{"rendered":"10"},"content":{"rendered":"<h1>10<img loading=\"lazy\" decoding=\"async\" class=\"alignnone wp-image-38 size-full\" src=\"https:\/\/stadt-adventskalender.de\/goerlitz2019\/wp-content\/uploads\/sites\/15\/2019\/10\/10.png\" alt=\"\" width=\"300\" height=\"300\" srcset=\"https:\/\/stadt-adventskalender.de\/goerlitz2019\/wp-content\/uploads\/sites\/15\/2019\/10\/10.png 300w, https:\/\/stadt-adventskalender.de\/goerlitz2019\/wp-content\/uploads\/sites\/15\/2019\/10\/10-150x150.png 150w\" sizes=\"auto, (max-width: 300px) 100vw, 300px\" \/><\/h1>\n<h4>Philosophischer Fu\u00dfabdruck<\/h4>\n<p>Jacob B\u00f6hme ist der weltweit bekannteste B\u00fcrger von G\u00f6rlitz. Viele Schuhmacherwerkst\u00e4tten in Deutschland sind nach dem Schuster benannt. Eine Werkbank mit Schusterkugeln, wie er sie benutzt haben k\u00f6nnte, ist heute im Kaisertrutz zu sehen. Im Jahr 1612 aber schrieb der Handwerker ohne akademische Vorkenntnisse das erstaunliche Werk \u201eAurora oder Morgenr\u00f6te im Aufgang\u201c. In dieser und vielen weiteren Schriften verarbeitete B\u00f6hme seine eigenen mystischen Erfahrungen, die ihn zum Theosophen, Mystiker und Philosophen werden lie\u00dfen. Hegel nannte ihn sp\u00e4ter den ersten deutschen Philosophen.<br \/>\nRot leuchtet B\u00f6hmes Wohnhaus am polnischen Ufer der Nei\u00dfe. Sein Grab befindet sich auf dem Nikolaifriedhof.<\/p>\n","protected":false},"excerpt":{"rendered":"<p>10 Philosophischer Fu\u00dfabdruck Jacob B\u00f6hme ist der weltweit bekannteste B\u00fcrger von G\u00f6rlitz. Viele Schuhmacherwerkst\u00e4tten in Deutschland sind nach dem Schuster benannt. Eine Werkbank mit Schusterkugeln, wie er sie benutzt haben k\u00f6nnte, ist heute im Kaisertrutz zu sehen. Im Jahr 1612 aber schrieb der Handwerker ohne akademische Vorkenntnisse das erstaunliche Werk \u201eAurora oder Morgenr\u00f6te im Aufgang\u201c. &hellip; <a href=\"https:\/\/stadt-adventskalender.de\/goerlitz2019\/10-2\/\" class=\"more-link\"><span class=\"screen-reader-text\">10<\/span> weiterlesen<\/a><\/p>\n","protected":false},"author":1,"featured_media":0,"comment_status":"closed","ping_status":"open","sticky":false,"template":"","format":"standard","meta":{"footnotes":""},"categories":[4],"tags":[],"class_list":["post-94","post","type-post","status-publish","format-standard","hentry","category-alle-offenen-turchen"],"translation":{"provider":"WPGlobus","version":"3.0.0","language":"de","enabled_languages":["de","en"],"languages":{"de":{"title":true,"content":true,"excerpt":false},"en":{"title":false,"content":true,"excerpt":false}}},"publishpress_future_action":{"enabled":false,"date":"2026-05-09 11:06:45","action":"change-status","newStatus":"draft","terms":[],"taxonomy":"category","extraData":[]},"publishpress_future_workflow_manual_trigger":{"enabledWorkflows":[]},"_links":{"self":[{"href":"https:\/\/stadt-adventskalender.de\/goerlitz2019\/wp-json\/wp\/v2\/posts\/94","targetHints":{"allow":["GET"]}}],"collection":[{"href":"https:\/\/stadt-adventskalender.de\/goerlitz2019\/wp-json\/wp\/v2\/posts"}],"about":[{"href":"https:\/\/stadt-adventskalender.de\/goerlitz2019\/wp-json\/wp\/v2\/types\/post"}],"author":[{"embeddable":true,"href":"https:\/\/stadt-adventskalender.de\/goerlitz2019\/wp-json\/wp\/v2\/users\/1"}],"replies":[{"embeddable":true,"href":"https:\/\/stadt-adventskalender.de\/goerlitz2019\/wp-json\/wp\/v2\/comments?post=94"}],"version-history":[{"count":5,"href":"https:\/\/stadt-adventskalender.de\/goerlitz2019\/wp-json\/wp\/v2\/posts\/94\/revisions"}],"predecessor-version":[{"id":420,"href":"https:\/\/stadt-adventskalender.de\/goerlitz2019\/wp-json\/wp\/v2\/posts\/94\/revisions\/420"}],"wp:attachment":[{"href":"https:\/\/stadt-adventskalender.de\/goerlitz2019\/wp-json\/wp\/v2\/media?parent=94"}],"wp:term":[{"taxonomy":"category","embeddable":true,"href":"https:\/\/stadt-adventskalender.de\/goerlitz2019\/wp-json\/wp\/v2\/categories?post=94"},{"taxonomy":"post_tag","embeddable":true,"href":"https:\/\/stadt-adventskalender.de\/goerlitz2019\/wp-json\/wp\/v2\/tags?post=94"}],"curies":[{"name":"wp","href":"https:\/\/api.w.org\/{rel}","templated":true}]}}