{"id":90,"date":"2025-12-09T00:00:00","date_gmt":"2025-12-08T23:00:00","guid":{"rendered":"http:\/\/stadt-adventskalender.de\/goerlitz2019\/?p=90"},"modified":"2025-11-17T22:32:04","modified_gmt":"2025-11-17T21:32:04","slug":"09-2","status":"publish","type":"post","link":"https:\/\/stadt-adventskalender.de\/goerlitz2019\/09-2\/","title":{"rendered":"09"},"content":{"rendered":"<h1>9<img loading=\"lazy\" decoding=\"async\" class=\"alignnone wp-image-37 size-full\" src=\"https:\/\/stadt-adventskalender.de\/goerlitz2019\/wp-content\/uploads\/sites\/15\/2019\/10\/09.png\" alt=\"\" width=\"300\" height=\"300\" srcset=\"https:\/\/stadt-adventskalender.de\/goerlitz2019\/wp-content\/uploads\/sites\/15\/2019\/10\/09.png 300w, https:\/\/stadt-adventskalender.de\/goerlitz2019\/wp-content\/uploads\/sites\/15\/2019\/10\/09-150x150.png 150w\" sizes=\"auto, (max-width: 300px) 100vw, 300px\" \/><\/h1>\n<h4>Menora und Davidstern<\/h4>\n<p>Majest\u00e4tisch schreiten L\u00f6wen die Kuppeldecke der ehemaligen Synagoge in der Struvestra\u00dfe entlang. Sie symbolisieren den Stamm Juda, den vierten der 12 St\u00e4mme Israels und Namensgeber der Juden.<br \/>\nNach einer wechselvollen Geschichte in G\u00f6rlitz konnten die Mitglieder der kleinen G\u00f6rlitzer j\u00fcdischen Gemeinde 1911 ihre neue Synagoge er\u00f6ffnen. F\u00fcr den modernen Synagogenbau, eine Konstruktion mit Stahlskelett und Beton, zeichnete das B\u00fcro Lossow und K\u00fchne aus Dresden. Die Architekten entwarfen ebenfalls das Dresdner Schauspielhaus und den Leipziger Hauptbahnhof.<br \/>\nEin Stolperstein an der Zittauerstrasse 64 erinnert heute an Martin Ephraim, einen der Initiatoren des Synagogenbaus und gro\u00dfen Wohlt\u00e4ter der Stadt, die es ihm nicht dankte. 1944 wurde er nach Theresienstadt deportiert und ermordet.<\/p>\n","protected":false},"excerpt":{"rendered":"<p>9 Menora und Davidstern Majest\u00e4tisch schreiten L\u00f6wen die Kuppeldecke der ehemaligen Synagoge in der Struvestra\u00dfe entlang. Sie symbolisieren den Stamm Juda, den vierten der 12 St\u00e4mme Israels und Namensgeber der Juden. Nach einer wechselvollen Geschichte in G\u00f6rlitz konnten die Mitglieder der kleinen G\u00f6rlitzer j\u00fcdischen Gemeinde 1911 ihre neue Synagoge er\u00f6ffnen. F\u00fcr den modernen Synagogenbau, eine &hellip; <a href=\"https:\/\/stadt-adventskalender.de\/goerlitz2019\/09-2\/\" class=\"more-link\"><span class=\"screen-reader-text\">09<\/span> weiterlesen<\/a><\/p>\n","protected":false},"author":1,"featured_media":0,"comment_status":"closed","ping_status":"open","sticky":false,"template":"","format":"standard","meta":{"footnotes":""},"categories":[4],"tags":[],"class_list":["post-90","post","type-post","status-publish","format-standard","hentry","category-alle-offenen-turchen"],"translation":{"provider":"WPGlobus","version":"3.0.0","language":"de","enabled_languages":["de","en"],"languages":{"de":{"title":true,"content":true,"excerpt":false},"en":{"title":true,"content":true,"excerpt":false}}},"publishpress_future_action":{"enabled":false,"date":"2026-05-09 11:06:47","action":"change-status","newStatus":"draft","terms":[],"taxonomy":"category","extraData":[]},"publishpress_future_workflow_manual_trigger":{"enabledWorkflows":[]},"_links":{"self":[{"href":"https:\/\/stadt-adventskalender.de\/goerlitz2019\/wp-json\/wp\/v2\/posts\/90","targetHints":{"allow":["GET"]}}],"collection":[{"href":"https:\/\/stadt-adventskalender.de\/goerlitz2019\/wp-json\/wp\/v2\/posts"}],"about":[{"href":"https:\/\/stadt-adventskalender.de\/goerlitz2019\/wp-json\/wp\/v2\/types\/post"}],"author":[{"embeddable":true,"href":"https:\/\/stadt-adventskalender.de\/goerlitz2019\/wp-json\/wp\/v2\/users\/1"}],"replies":[{"embeddable":true,"href":"https:\/\/stadt-adventskalender.de\/goerlitz2019\/wp-json\/wp\/v2\/comments?post=90"}],"version-history":[{"count":5,"href":"https:\/\/stadt-adventskalender.de\/goerlitz2019\/wp-json\/wp\/v2\/posts\/90\/revisions"}],"predecessor-version":[{"id":492,"href":"https:\/\/stadt-adventskalender.de\/goerlitz2019\/wp-json\/wp\/v2\/posts\/90\/revisions\/492"}],"wp:attachment":[{"href":"https:\/\/stadt-adventskalender.de\/goerlitz2019\/wp-json\/wp\/v2\/media?parent=90"}],"wp:term":[{"taxonomy":"category","embeddable":true,"href":"https:\/\/stadt-adventskalender.de\/goerlitz2019\/wp-json\/wp\/v2\/categories?post=90"},{"taxonomy":"post_tag","embeddable":true,"href":"https:\/\/stadt-adventskalender.de\/goerlitz2019\/wp-json\/wp\/v2\/tags?post=90"}],"curies":[{"name":"wp","href":"https:\/\/api.w.org\/{rel}","templated":true}]}}